{"id":9339,"date":"2013-05-10T18:42:41","date_gmt":"2013-05-11T00:42:41","guid":{"rendered":"http:\/\/www.iglesiaortodoxa.org.mx\/informacion\/?p=9339"},"modified":"2013-05-11T08:30:39","modified_gmt":"2013-05-11T14:30:39","slug":"9339","status":"publish","type":"post","link":"https:\/\/iglesiaortodoxa.org.mx\/informacion\/2013\/05\/9339\/","title":{"rendered":"Reuni\u00f3n de Lideres Religiosos"},"content":{"rendered":"<p style=\"text-align: justify;\"><a href=\"http:\/\/www.iglesiaortodoxa.org.mx\/informacion\/wp-content\/uploads\/\/20130509_170429.jpg\" data-rel=\"lightbox-image-0\" data-rl_title=\"\" data-rl_caption=\"\"><img loading=\"lazy\" class=\"aligncenter size-thumbnail wp-image-5033\" title=\"\" alt=\"\" src=\"http:\/\/www.iglesiaortodoxa.org.mx\/informacion\/wp-content\/uploads\/\/20130509_170429.jpg\" width=\"282\" height=\"202\" \/><\/a><\/p>\n<p>&nbsp;<\/p>\n<p style=\"text-align: justify;\">El pasado 9 de mayo de 2013, Su Eminencia Antonio Chedraoui invit\u00f3 a los l\u00edderes de las Iglesias Hist\u00f3ricas a una reuni\u00f3n para discutir la situaci\u00f3n del cristianismo en el mundo y especialmente en Medio Oriente. Durante la reuni\u00f3n ofreci\u00f3 una exposici\u00f3n de la situaci\u00f3n de los cristianos en el Medio Oriente apoy\u00e1ndose de material fotogr\u00e1fico y de v\u00eddeo para mostrar el sufrimiento que padecen nuestros hermanos.<\/p>\n<p style=\"text-align: justify;\">Los l\u00edderes religiosos, despu\u00e9s de reflexionar al respecto, llegaron a las siguientes conclusiones:<\/p>\n<ul style=\"text-align: justify;\">\n<li>Destacar el secuestro de los dos obispos en Siria el Arzobispo, Pablo Yazigy y Yuhana Ibrahim y pidieron su liberaci\u00f3n inmediata<\/li>\n<li>Expresar sus reflexiones y conclusiones mediante un comunicado.<\/li>\n<li>Crear un comit\u00e9 para comunicarse con las distintas instancias gubernamentales (Presidencia, Congreso de la Uni\u00f3n, Ministros de Relaciones Exteriores, Ministros del Interior, Presidente y comisionados de Derechos Humanos, representante de la ONU en M\u00e9xico).<\/li>\n<li>Dicho comit\u00e9, presidido por el Arzobispo Ortodoxo Antioqueno y por tres Pastores de las Iglesias Cristianas, se encargar\u00e1 de entregar el mencionado comunicado a las autoridades correspondientes, previa cita acordada por sus organizadores.<\/li>\n<li style=\"text-align: justify;\">Dedicar un d\u00eda de oraci\u00f3n ecum\u00e9nica para apoyar los derechos humanos, el derecho a la vida, la libertad religiosa, y en especial los derechos de nuestros hermanos cristianos en todo el mundo. Este evento ser\u00e1 el s\u00e1bado 25 de mayo de 2013 en la Bas\u00edlica de Guadalupe. Donde esperamos la participaci\u00f3n de toda la comunidad.<\/li>\n<\/ul>\n\n\t\t<style type=\"text\/css\">\n\t\t\t#gallery-1 {\n\t\t\t\tmargin: auto;\n\t\t\t}\n\t\t\t#gallery-1 .gallery-item {\n\t\t\t\tfloat: left;\n\t\t\t\tmargin-top: 10px;\n\t\t\t\ttext-align: center;\n\t\t\t\twidth: 33%;\n\t\t\t}\n\t\t\t#gallery-1 img {\n\t\t\t\tborder: 2px solid #cfcfcf;\n\t\t\t}\n\t\t\t#gallery-1 .gallery-caption {\n\t\t\t\tmargin-left: 0;\n\t\t\t}\n\t\t\t\/* see gallery_shortcode() in wp-includes\/media.php *\/\n\t\t<\/style>\n\t\t<div id='gallery-1' class='gallery galleryid-9339 gallery-columns-3 gallery-size-thumbnail'><dl class='gallery-item'>\n\t\t\t<dt class='gallery-icon landscape'>\n\t\t\t\t<a href='https:\/\/iglesiaortodoxa.org.mx\/informacion\/wp-content\/uploads\/\/20130509_155248.jpg' title=\"\" data-rl_title=\"\" class=\"rl-gallery-link\" data-rl_caption=\"\" data-rel=\"lightbox-gallery-1\"><img width=\"150\" height=\"150\" src=\"https:\/\/iglesiaortodoxa.org.mx\/informacion\/wp-content\/uploads\/\/20130509_155248-150x150.jpg\" class=\"attachment-thumbnail size-thumbnail\" alt=\"\" loading=\"lazy\" \/><\/a>\n\t\t\t<\/dt><\/dl><dl class='gallery-item'>\n\t\t\t<dt class='gallery-icon landscape'>\n\t\t\t\t<a href='https:\/\/iglesiaortodoxa.org.mx\/informacion\/wp-content\/uploads\/\/20130509_170429.jpg' title=\"\" data-rl_title=\"\" class=\"rl-gallery-link\" data-rl_caption=\"\" data-rel=\"lightbox-gallery-1\"><img width=\"150\" height=\"150\" src=\"https:\/\/iglesiaortodoxa.org.mx\/informacion\/wp-content\/uploads\/\/20130509_170429-150x150.jpg\" class=\"attachment-thumbnail size-thumbnail\" alt=\"\" loading=\"lazy\" \/><\/a>\n\t\t\t<\/dt><\/dl><dl class='gallery-item'>\n\t\t\t<dt class='gallery-icon landscape'>\n\t\t\t\t<a href='https:\/\/iglesiaortodoxa.org.mx\/informacion\/wp-content\/uploads\/\/20130509_170412.jpg' title=\"\" data-rl_title=\"\" class=\"rl-gallery-link\" data-rl_caption=\"\" data-rel=\"lightbox-gallery-1\"><img width=\"150\" height=\"150\" src=\"https:\/\/iglesiaortodoxa.org.mx\/informacion\/wp-content\/uploads\/\/20130509_170412-150x150.jpg\" class=\"attachment-thumbnail size-thumbnail\" alt=\"\" loading=\"lazy\" \/><\/a>\n\t\t\t<\/dt><\/dl><br style=\"clear: both\" \/><dl class='gallery-item'>\n\t\t\t<dt class='gallery-icon landscape'>\n\t\t\t\t<a href='https:\/\/iglesiaortodoxa.org.mx\/informacion\/wp-content\/uploads\/\/20130509_154701.jpg' title=\"\" data-rl_title=\"\" class=\"rl-gallery-link\" data-rl_caption=\"\" data-rel=\"lightbox-gallery-1\"><img width=\"150\" height=\"150\" src=\"https:\/\/iglesiaortodoxa.org.mx\/informacion\/wp-content\/uploads\/\/20130509_154701-150x150.jpg\" class=\"attachment-thumbnail size-thumbnail\" alt=\"\" loading=\"lazy\" \/><\/a>\n\t\t\t<\/dt><\/dl><dl class='gallery-item'>\n\t\t\t<dt class='gallery-icon landscape'>\n\t\t\t\t<a href='https:\/\/iglesiaortodoxa.org.mx\/informacion\/wp-content\/uploads\/\/20130510-190920.jpg' title=\"\" data-rl_title=\"\" class=\"rl-gallery-link\" data-rl_caption=\"\" data-rel=\"lightbox-gallery-1\"><img width=\"150\" height=\"150\" src=\"https:\/\/iglesiaortodoxa.org.mx\/informacion\/wp-content\/uploads\/\/20130510-190920-150x150.jpg\" class=\"attachment-thumbnail size-thumbnail\" alt=\"\" loading=\"lazy\" \/><\/a>\n\t\t\t<\/dt><\/dl><dl class='gallery-item'>\n\t\t\t<dt class='gallery-icon landscape'>\n\t\t\t\t<a href='https:\/\/iglesiaortodoxa.org.mx\/informacion\/wp-content\/uploads\/\/20130510-190803.jpg' title=\"\" data-rl_title=\"\" class=\"rl-gallery-link\" data-rl_caption=\"\" data-rel=\"lightbox-gallery-1\"><img width=\"150\" height=\"150\" src=\"https:\/\/iglesiaortodoxa.org.mx\/informacion\/wp-content\/uploads\/\/20130510-190803-150x150.jpg\" class=\"attachment-thumbnail size-thumbnail\" alt=\"\" loading=\"lazy\" \/><\/a>\n\t\t\t<\/dt><\/dl><br style=\"clear: both\" \/>\n\t\t<\/div>\n\n","protected":false},"excerpt":{"rendered":"<p>&nbsp; El pasado 9 de mayo de 2013, Su Eminencia Antonio Chedraoui invit\u00f3 a los l\u00edderes de las Iglesias Hist\u00f3ricas a una reuni\u00f3n para discutir la situaci\u00f3n del cristianismo en el mundo y especialmente en Medio Oriente. Durante la reuni\u00f3n ofreci\u00f3 una exposici\u00f3n de la situaci\u00f3n de los cristianos en el Medio Oriente apoy\u00e1ndose de [&hellip;]<\/p>\n","protected":false},"author":13,"featured_media":0,"comment_status":"closed","ping_status":"closed","sticky":true,"template":"","format":"standard","meta":{"_bbp_topic_count":0,"_bbp_reply_count":0,"_bbp_total_topic_count":0,"_bbp_total_reply_count":0,"_bbp_voice_count":0,"_bbp_anonymous_reply_count":0,"_bbp_topic_count_hidden":0,"_bbp_reply_count_hidden":0,"_bbp_forum_subforum_count":0},"categories":[48],"tags":[],"_links":{"self":[{"href":"https:\/\/iglesiaortodoxa.org.mx\/informacion\/wp-json\/wp\/v2\/posts\/9339"}],"collection":[{"href":"https:\/\/iglesiaortodoxa.org.mx\/informacion\/wp-json\/wp\/v2\/posts"}],"about":[{"href":"https:\/\/iglesiaortodoxa.org.mx\/informacion\/wp-json\/wp\/v2\/types\/post"}],"author":[{"embeddable":true,"href":"https:\/\/iglesiaortodoxa.org.mx\/informacion\/wp-json\/wp\/v2\/users\/13"}],"replies":[{"embeddable":true,"href":"https:\/\/iglesiaortodoxa.org.mx\/informacion\/wp-json\/wp\/v2\/comments?post=9339"}],"version-history":[{"count":7,"href":"https:\/\/iglesiaortodoxa.org.mx\/informacion\/wp-json\/wp\/v2\/posts\/9339\/revisions"}],"predecessor-version":[{"id":9349,"href":"https:\/\/iglesiaortodoxa.org.mx\/informacion\/wp-json\/wp\/v2\/posts\/9339\/revisions\/9349"}],"wp:attachment":[{"href":"https:\/\/iglesiaortodoxa.org.mx\/informacion\/wp-json\/wp\/v2\/media?parent=9339"}],"wp:term":[{"taxonomy":"category","embeddable":true,"href":"https:\/\/iglesiaortodoxa.org.mx\/informacion\/wp-json\/wp\/v2\/categories?post=9339"},{"taxonomy":"post_tag","embeddable":true,"href":"https:\/\/iglesiaortodoxa.org.mx\/informacion\/wp-json\/wp\/v2\/tags?post=9339"}],"curies":[{"name":"wp","href":"https:\/\/api.w.org\/{rel}","templated":true}]}}