{"id":8367,"date":"2013-02-11T00:03:35","date_gmt":"2013-02-11T06:03:35","guid":{"rendered":"http:\/\/www.iglesiaortodoxa.org.mx\/informacion\/?p=8367"},"modified":"2013-03-02T12:45:33","modified_gmt":"2013-03-02T18:45:33","slug":"trisagio-en-memoria-de-la-sra-suad-atala","status":"publish","type":"post","link":"https:\/\/iglesiaortodoxa.org.mx\/informacion\/2013\/02\/trisagio-en-memoria-de-la-sra-suad-atala\/","title":{"rendered":"Trisagio en memoria de la Sra. Suad Atala"},"content":{"rendered":"<p style=\"text-align: center;\"><a href=\"http:\/\/www.iglesiaortodoxa.org.mx\/informacion\/wp-content\/uploads\/\/Trisagio-.jpg\" data-rel=\"lightbox-image-0\" data-rl_title=\"\" data-rl_caption=\"\"><img loading=\"lazy\" class=\"aligncenter  wp-image-7662\" title=\"\" alt=\"\" src=\"http:\/\/www.iglesiaortodoxa.org.mx\/informacion\/wp-content\/uploads\/\/Trisagio-.jpg\" width=\"354\" height=\"283\" \/><\/a><\/p>\n<p style=\"text-align: justify;\">El pasado domingo 10 de Febrero Su Eminencia Antonio ofreci\u00f3 la Divina Liturgia y el Trisagio en memoria de la Sra. Suad Atala en la Catedral de San Pedro y San Pablo, Sayedna Antonio en su homil\u00eda honrr\u00f3 la memoria de la Sra. Atala recordando el gran trabajo que realiz\u00f3 con las Damas Ortodoxas al inicio de su Episcopado.<\/p>\n<p>Nuevamente Su Eminencia Antonio expresa sus condolencias a su familia por su sensible perdida. Que su memoria sea eterna.<\/p>\n<p>&nbsp;<\/p>\n","protected":false},"excerpt":{"rendered":"<p>El pasado domingo 10 de Febrero Su Eminencia Antonio ofreci\u00f3 la Divina Liturgia y el Trisagio en memoria de la Sra. Suad Atala en la Catedral de San Pedro y San Pablo, Sayedna Antonio en su homil\u00eda honrr\u00f3 la memoria de la Sra. Atala recordando el gran trabajo que realiz\u00f3 con las Damas Ortodoxas al [&hellip;]<\/p>\n","protected":false},"author":13,"featured_media":0,"comment_status":"closed","ping_status":"closed","sticky":false,"template":"","format":"standard","meta":{"_bbp_topic_count":0,"_bbp_reply_count":0,"_bbp_total_topic_count":0,"_bbp_total_reply_count":0,"_bbp_voice_count":0,"_bbp_anonymous_reply_count":0,"_bbp_topic_count_hidden":0,"_bbp_reply_count_hidden":0,"_bbp_forum_subforum_count":0},"categories":[48,3],"tags":[],"_links":{"self":[{"href":"https:\/\/iglesiaortodoxa.org.mx\/informacion\/wp-json\/wp\/v2\/posts\/8367"}],"collection":[{"href":"https:\/\/iglesiaortodoxa.org.mx\/informacion\/wp-json\/wp\/v2\/posts"}],"about":[{"href":"https:\/\/iglesiaortodoxa.org.mx\/informacion\/wp-json\/wp\/v2\/types\/post"}],"author":[{"embeddable":true,"href":"https:\/\/iglesiaortodoxa.org.mx\/informacion\/wp-json\/wp\/v2\/users\/13"}],"replies":[{"embeddable":true,"href":"https:\/\/iglesiaortodoxa.org.mx\/informacion\/wp-json\/wp\/v2\/comments?post=8367"}],"version-history":[{"count":12,"href":"https:\/\/iglesiaortodoxa.org.mx\/informacion\/wp-json\/wp\/v2\/posts\/8367\/revisions"}],"predecessor-version":[{"id":8613,"href":"https:\/\/iglesiaortodoxa.org.mx\/informacion\/wp-json\/wp\/v2\/posts\/8367\/revisions\/8613"}],"wp:attachment":[{"href":"https:\/\/iglesiaortodoxa.org.mx\/informacion\/wp-json\/wp\/v2\/media?parent=8367"}],"wp:term":[{"taxonomy":"category","embeddable":true,"href":"https:\/\/iglesiaortodoxa.org.mx\/informacion\/wp-json\/wp\/v2\/categories?post=8367"},{"taxonomy":"post_tag","embeddable":true,"href":"https:\/\/iglesiaortodoxa.org.mx\/informacion\/wp-json\/wp\/v2\/tags?post=8367"}],"curies":[{"name":"wp","href":"https:\/\/api.w.org\/{rel}","templated":true}]}}