{"id":8271,"date":"2013-01-25T10:04:38","date_gmt":"2013-01-25T16:04:38","guid":{"rendered":"http:\/\/www.iglesiaortodoxa.org.mx\/informacion\/?p=8271"},"modified":"2013-03-29T08:00:48","modified_gmt":"2013-03-29T14:00:48","slug":"boletin-del-27012013","status":"publish","type":"post","link":"https:\/\/iglesiaortodoxa.org.mx\/informacion\/2013\/01\/boletin-del-27012013\/","title":{"rendered":"Bolet\u00edn del 27\/01\/2013"},"content":{"rendered":"<h2 style=\"text-align: center;\"><span style=\"color: #ff0000;\">14\u00b0 Domingo de Lucas<\/span><\/h2>\n<h2 style=\"text-align: center;\"><span style=\"color: #ff0000;\">Memoria Traslado del cuerpo de San Juan Cris\u00f3stomo<\/span><\/h2>\n<p style=\"text-align: center;\"><a href=\"http:\/\/www.iglesiaortodoxa.org.mx\/informacion\/?attachment_id=8272\" rel=\"attachment wp-att-8272\"><img loading=\"lazy\" class=\"aligncenter size-full wp-image-8272\" title=\"San Juan Cris\u00f3stomo\" alt=\"Icono-griego\" src=\"http:\/\/www.iglesiaortodoxa.org.mx\/informacion\/wp-content\/uploads\/\/Icono-griego1.jpg\" width=\"300\" height=\"416\" srcset=\"https:\/\/iglesiaortodoxa.org.mx\/informacion\/wp-content\/uploads\/Icono-griego1.jpg 300w, https:\/\/iglesiaortodoxa.org.mx\/informacion\/wp-content\/uploads\/Icono-griego1-216x300.jpg 216w\" sizes=\"(max-width: 300px) 100vw, 300px\" \/><\/a><\/p>\n<blockquote>\n<address>Venid a reuniros con los disc\u00edpulos en el monte<\/address>\n<address>de Galilea para que ve\u00e1is a Cristo, diciendo con fe: \u00a0 \u00a0 \u00a0 \u00a0 \u00a0 \u00a0 \u00a0 \u00a0\u00a0<\/address>\n<address>He recibido el poder de lo que est\u00e1 arriba y lo que esta abajo.<\/address>\n<address>Aprendamos como ense\u00f1a a bautizar a todas las naciones<\/address>\n<address>en el nombre del Padre, del Hijo y del Esp\u00edritu Santo,<\/address>\n<address>prometi\u00e9ndonos permanecer con nosotros hasta el fin del mundo.<\/address>\n<address>\u00a0 \u00a0 \u00a0 \u00a0 \u00a0 \u00a0 \u00a0 \u00a0 \u00a0 \u00a0 \u00a0 \u00a0 \u00a0 \u00a0 \u00a0 \u00a0 \u00a0 \u00a0 \u00a0 \u00a0 \u00a0 \u00a0 \u00a0 \u00a0 \u00a0 \u00a0 \u00a0 \u00a0 \u00a0 \u00a0 \u00a0 \u00a0 \u00a0 \u00a0 \u00a0 \u00a0 \u00a0 \u00a0 \u00a0 \u00a0 \u00a0 \u00a0 \u00a0 \u00a0 \u00a0 \u00a0 \u00a0 \u00a0 \u00a0 \u00a0 \u00a0 \u00a0 \u00a0 \u00a0 \u00a0 \u00a0 \u00a0 Exapostelario<\/address>\n<\/blockquote>\n<h3><span style=\"color: #ff0000;\">Himnos de la Liturgia<\/span><\/h3>\n<h4>Tropario de la Resurrecci\u00f3n<\/h4>\n<h4>Tono 1<\/h4>\n<address><a href=\"http:\/\/www.iglesiaortodoxa.org.mx\/informacion\/002-audio\/cantos_liturgia\/Trop.Resurreccion1.mp3\" target=\"_blank\" rel=\"attachment wp-att-7648\"><img loading=\"lazy\" class=\"alignleft size-full wp-image-7648\" style=\"border: 0px; margin: 4px;\" alt=\"audio1\" src=\"http:\/\/www.iglesiaortodoxa.org.mx\/informacion\/wp-content\/uploads\/\/audio132.jpg\" width=\"43\" height=\"43\" \/><\/a>Cuando la piedra fue sellada por los jud\u00edos<\/address>\n<address>y tu pur\u00edsimo cuerpo fue custodiado por los guardias,<\/address>\n<address>resucitaste al tercer d\u00eda, oh Salvador, concediendo al mundo la vida.<\/address>\n<address>Por lo tanto, los poderes celestiales clamaron a Ti:<\/address>\n<address>Oh Dador de Vida, Gloria a tu Resurrecci\u00f3n, oh Cristo,<\/address>\n<address>gloria a tu Reino, gloria a tu plan de salvaci\u00f3n,<\/address>\n<address>oh \u00danico, Amante de la humanidad.<\/address>\n<h4>Condaquio de la Presentaci\u00f3n del Se\u00f1or en el Templo<\/h4>\n<h4>Tono 4<\/h4>\n<address>Por tu nacimiento santificaste las entra\u00f1as de la Virgen,<\/address>\n<address>oh Cristo Dios, las manos de Sime\u00f3n bendijiste debidamente,<\/address>\n<address>y a nosotros nos alcanzaste y salvaste.<\/address>\n<address>Conserva a tus fieles en la paz y auxilia a los que amas porque<\/address>\n<address>T\u00fa eres el \u00fanico Amante de la humanidad.<\/address>\n<h3><span style=\"color: #ff0000;\">Lecturas B\u00edblicas<\/span><\/h3>\n<h4>Carta del Ap\u00f3stol San Pablo a los Hebreos (7: 26-8:2)<\/h4>\n<p style=\"text-align: justify;\">Hermanos: As\u00ed es el Sumo Sacerdote que nos conven\u00eda: santo, inocente, inmaculado, apartado de los pecadores,\u00a0 encumbrado por encima de los cielos, que no tiene necesidad\u00a0 de ofrecer sacrificios cada d\u00eda como aquellos sumos\u00a0 sacerdotes, primero por sus pecados propios, luego por los del\u00a0 pueblo: esto lo realiz\u00f3 de una vez para siempre, ofreci\u00e9ndose a\u00a0 s\u00ed mismo. Es que la Ley instituye como sumos sacerdotes a\u00a0 hombres fr\u00e1giles; pero la palabra del juramento \u2014posterior a\u00a0 la Ley\u2014 instituye al Hijo perfecto para siempre.<\/p>\n<p style=\"text-align: justify;\">Este es el punto capital de cuanto venimos diciendo: tenemos\u00a0 un Sumo Sacerdote tal, que se sent\u00f3 a la diestra del trono de\u00a0 la Majestad en los cielos, ministro del santuario y del\u00a0 Tabern\u00e1culo verdadero, erigido por el Se\u00f1or, no por un\u00a0 hombre.<\/p>\n<h4 style=\"text-align: justify;\">Evangelio seg\u00fan San Lucas (18: 35-43)<\/h4>\n<p style=\"text-align: justify;\">En aquel tiempo, al acercarse\u00a0 Jes\u00fas a Jeric\u00f3, estaba un\u00a0 ciego sentado junto al camino\u00a0 pidiendo limosna, al o\u00edr que pasaba\u00a0 gente, pregunt\u00f3 qu\u00e9 era aquello. Le\u00a0 informaron que pasaba Jes\u00fas el\u00a0 Nazareno, y empez\u00f3 a gritar\u00a0 diciendo: \u00ab\u00a1Jes\u00fas, Hijo de David, ten\u00a0 compasi\u00f3n de m\u00ed!\u00bb Los que iban\u00a0 delante lo increpaban para que se\u00a0 callara, pero \u00e9l gritaba mucho m\u00e1s:\u00a0 \u00ab\u00a1Hijo de David, ten compasi\u00f3n de\u00a0 m\u00ed!\u00bb Jes\u00fas se detuvo, y mand\u00f3 que lo\u00a0 trajeran y, cuando se hubo acercado,\u00a0 le pregunt\u00f3: \u00ab\u00bfQu\u00e9 quieres que te\u00a0 haga?\u00bb \u00c9l dijo: \u00ab\u00a1Que vea, Se\u00f1or!\u00bb\u00a0 Jes\u00fas le dijo: \u00abVe. Tu fe te ha\u00a0 salvado.\u00bb Y al instante recobr\u00f3 la\u00a0 vista, y lo segu\u00eda glorificando a Dios.\u00a0 Y todo el pueblo, al verlo, alab\u00f3 a\u00a0 Dios.<\/p>\n<h3 style=\"text-align: justify;\"><span style=\"color: #ff0000;\">Mensaje Pastoral<\/span><\/h3>\n<h4 style=\"text-align: justify;\">\u00a1Se\u00f1or, ten piedad!<\/h4>\n<p style=\"text-align: justify;\">El ciego \u00abempez\u00f3 a gritar diciendo: \u201c\u00a1Jes\u00fas, Hijo de David, ten compasi\u00f3n de m\u00ed!\u201d\u00bb<\/p>\n<p style=\"text-align: justify;\"><a href=\"http:\/\/www.iglesiaortodoxa.org.mx\/informacion\/?attachment_id=8280\" rel=\"attachment wp-att-8280\"><img loading=\"lazy\" class=\"alignleft  wp-image-8280\" style=\"border: 0px; margin: 8px;\" alt=\"bartimeo\" src=\"http:\/\/www.iglesiaortodoxa.org.mx\/informacion\/wp-content\/uploads\/\/bartimeo1.jpg\" width=\"81\" height=\"55\" srcset=\"https:\/\/iglesiaortodoxa.org.mx\/informacion\/wp-content\/uploads\/bartimeo1.jpg 900w, https:\/\/iglesiaortodoxa.org.mx\/informacion\/wp-content\/uploads\/bartimeo1-300x200.jpg 300w\" sizes=\"(max-width: 81px) 100vw, 81px\" \/><\/a>El grito es una fuerte reacci\u00f3n natural que surge de la necesidad, la incapacidad y el dolor. A\u00fan es m\u00e1s fuerte la expresi\u00f3n \u00abten piedad\u00bb que goza de un lugar muy privilegiado en la tradici\u00f3n cristiana y la repetimos frecuentemente durante los Servicios lit\u00fargicos, tres, doce o cuarenta veces. No se trata de una repetici\u00f3n hueca, sino de un tocar insistente, de una espera confiada y de una encomienda constante de nuestra vida \u2013con sus aflicciones y alegr\u00edas\u2013 en las manos de Cristo nuestro Dios.<\/p>\n<p style=\"text-align: justify;\">Ser\u00eda propio mencionar el gran vigor que esta expresi\u00f3n tiene en el idioma \u00e1rabe: irjam, verbo derivado de r\u00e1jem que significa \u00abmatriz\u00bb. En este sentido, \u00abpiedad\u00bb es lo que la madre le da de vida al embri\u00f3n. Entonces, el \u00abapiadarse\u00bb no es un estado de solidaridad que le pedimos a Dios que tenga por nosotros, sino una acci\u00f3n vivificadora. No es que pidamos a Dios tenga mera compasi\u00f3n o l\u00e1stima por nuestras miserias, sino que act\u00fae en nosotros y nos revivifique, santificando, iluminando y divinizando nuestra vida. \u00c9sta es la esencia del clamor.<\/p>\n<p style=\"text-align: justify;\">El libro de los Salmos est\u00e1 lleno de la s\u00faplica: \u00abApi\u00e1date de m\u00ed, oh Dios\u00bb. La santidad del rey David, quien los compuso, no se debe a su estado exento de pecado \u2013ya que su vida, en ciertos momentos, hab\u00eda sido manchada con sangre y con actuaciones indebidas\u2013, sino m\u00e1s bien a su preocupaci\u00f3n e iniciativa para advertir sus propias transgresiones, confesarlas y exclamar con fuerza: \u00abten piedad de m\u00ed, oh Dios, seg\u00fan tu gran misericordia\u00bb (Sal 50:1). El que grita es porque tiene dolor, pero quienes no sienten dolor alguno, no necesariamente est\u00e1n sanos, y la anestesia s\u00f3lo hace olvidar el dolor pero no cura la enfermedad. \u00abSi decimos: \u201cNo tenemos pecado\u201d, nos enga\u00f1amos y la verdad no est\u00e1 en nosotros. Si confesamos nuestros pecados, fiel y justo es \u00c9l para perdonarnos los pecados y purificarnos de toda injusticia.\u00bb (1Jn 1:8-9)<\/p>\n<p style=\"text-align: justify;\">El pecado mayor consiste en que a menudo nos distraemos de la vigilia de nuestra vida y nos anestesiamos con la indiferencia y el olvido. Quiz\u00e1s fuera mejor, en todo caso, que caigamos delante de Dios, que nos postremos ante \u00c9l pidi\u00e9ndole misericordia: \u00abSe\u00f1or, ten piedad\u00bb.\u00a0 Es entonces cuando \u00c9l, a trav\u00e9s del cord\u00f3n umbilical de nuestra confesi\u00f3n, nos da de su propia vida, vida verdadera, luz fulgurante que penetra nuestra oscuridad y abre los ojos de nuestro coraz\u00f3n. Am\u00e9n.<\/p>\n<h3 style=\"text-align: justify;\"><span style=\"color: #ff0000;\">Nuestra Fe y Tradici\u00f3n<\/span><\/h3>\n<h4 style=\"text-align: justify;\">Sobre esta piedra edificare mi Iglesia<\/h4>\n<p style=\"text-align: justify;\">Dijo el Se\u00f1or a Sim\u00f3n Pedro: \u201cT\u00fa eres Pedro (Petros) y sobre esta piedra (petra), edificar\u00e9 mi Iglesia.\u201d El ap\u00f3stol acababa de confesar al Se\u00f1or: \u201cT\u00fa eres el Cristo, el Hijo de Dios vivo\u201d y es esta fe confesada por el ap\u00f3stol la que constituye el fundamento de la Iglesia. La piedra angular de la edificaci\u00f3n\u00a0 no es otra sino Cristo: \u201c..nadie puede poner otro cimiento que el ya puesto, Jesucristo\u201d (1\u00aa.Cor 3,11). Sobre esa piedra: la fe en Cristo, se edificaron tambi\u00e9n los propios\u00a0 pilares de la iglesia: Pedro y Pablo y todo el cuerpo apost\u00f3lico.<\/p>\n<p style=\"text-align: justify;\">Hacia el a\u00f1o 427, escribe el Doctor de la Iglesia de Occidente San Agustino a este respecto: \u201cNo le dijo, en efecto, t\u00fa eres piedra (petra) sino \u201cTu eres Pedro\u201d (Petrus). As\u00ed pues, la piedra, (petra) era Cristo, confesado por Sim\u00f3n, como lo confiesa toda la Iglesia, el cual recibi\u00f3 el nombre de Pedro (Petrus)\u201d.<\/p>\n<h3 style=\"text-align: justify;\"><span style=\"color: #ff0000;\">Vida de Santos<\/span><\/h3>\n<h4 style=\"text-align: justify;\">Traslado del cuerpo de San Juan Cris\u00f3stomo<\/h4>\n<blockquote><p>27 de enero<\/p><\/blockquote>\n<p style=\"text-align: justify;\"><a href=\"http:\/\/www.iglesiaortodoxa.org.mx\/informacion\/?attachment_id=8275\" rel=\"attachment wp-att-8275\"><img loading=\"lazy\" class=\"alignleft  wp-image-8275\" style=\"border: 0px; margin: 8px;\" alt=\"crisostomo_1\" src=\"http:\/\/www.iglesiaortodoxa.org.mx\/informacion\/wp-content\/uploads\/\/crisostomo_1.jpg\" width=\"90\" height=\"107\" \/><\/a>Este incomparable maestro recibi\u00f3 despu\u00e9s de su muerte el nombre de Cris\u00f3stomo o Boca de Oro, en recuerdo de sus maravillosos dones de oratoria. Pero su piedad y su indomable valor son t\u00edtulos todav\u00eda m\u00e1s gloriosos que hacen de \u00e9l uno de los m\u00e1s grandes pastores de la Iglesia. Las reliquias del santo pasaron 30 a\u00f1os en una iglesia de Capadocia, de un pueblo llamado Komana, donde el Gran maestro y santo hab\u00eda pasado tantas pruebas en el exilio. En el a\u00f1o 438, el 27 de enero son exhumaci\u00f3n y trasladadas las reliquias de San Juan Cris\u00f3stomo a Constantinopla. El emperador Teodosio II y su hermana Santa Pulquer\u00eda acompa\u00f1aron la procesi\u00f3n junto al Patriarca Proclos, quien hab\u00eda sido su disc\u00edpulo, pidiendo perd\u00f3n por el pecado de sus antecesores, que tan ciegamente hab\u00edan perseguido al siervo de Dios. El cuerpo del santo fue depositado en la iglesia de los Ap\u00f3stoles. En nuestra Santa Iglesia Ortodoxa, San Juan Cris\u00f3stomo es uno de los tres Santos Patriarcas y Doctores Universales; los otros dos son San Basilio y San Gregorio Nazianceno.<\/p>\n<h4 style=\"text-align: justify;\">Sentencias de los Padres del Desierto<\/h4>\n<ul>\n<li>Dec\u00eda un anciano: \u00abNunca he deseado una cosa que fuese \u00fatil para m\u00ed si ello entra\u00f1a alg\u00fan perjuicio para mi hermano, porque espero que la ganancia de mi hermano es para mi aumento de fruto\u00bb.<\/li>\n<li>Dec\u00edan del abad Hor: \u00abNunca ha mentido, jam\u00e1s hizo ning\u00fan juramento, nunca maldijo a nadie, jam\u00e1s habl\u00f3 a nadie si no era necesario\u00bb.<\/li>\n<li>Dijo el abad Pastor: \u00abEn el Evangelio est\u00e1 escrito: &#8220;El que no tenga espada que venda su manto y compre una&#8221; (Lc. 22,36). Esto significa: &#8220;El que tenga paz que la deje y se prepare para la lucha&#8221;\u00bb. Se refer\u00eda a la lucha contra el diablo.<\/li>\n<\/ul>\n","protected":false},"excerpt":{"rendered":"<p>14\u00b0 Domingo de Lucas Memoria Traslado del cuerpo de San Juan Cris\u00f3stomo Venid a reuniros con los disc\u00edpulos en el monte de Galilea para que ve\u00e1is a Cristo, diciendo con fe: \u00a0 \u00a0 \u00a0 \u00a0 \u00a0 \u00a0 \u00a0 \u00a0\u00a0 He recibido el poder de lo que est\u00e1 arriba y lo que esta abajo. Aprendamos como [&hellip;]<\/p>\n","protected":false},"author":13,"featured_media":0,"comment_status":"open","ping_status":"open","sticky":false,"template":"","format":"standard","meta":{"_bbp_topic_count":0,"_bbp_reply_count":0,"_bbp_total_topic_count":0,"_bbp_total_reply_count":0,"_bbp_voice_count":0,"_bbp_anonymous_reply_count":0,"_bbp_topic_count_hidden":0,"_bbp_reply_count_hidden":0,"_bbp_forum_subforum_count":0},"categories":[57],"tags":[],"_links":{"self":[{"href":"https:\/\/iglesiaortodoxa.org.mx\/informacion\/wp-json\/wp\/v2\/posts\/8271"}],"collection":[{"href":"https:\/\/iglesiaortodoxa.org.mx\/informacion\/wp-json\/wp\/v2\/posts"}],"about":[{"href":"https:\/\/iglesiaortodoxa.org.mx\/informacion\/wp-json\/wp\/v2\/types\/post"}],"author":[{"embeddable":true,"href":"https:\/\/iglesiaortodoxa.org.mx\/informacion\/wp-json\/wp\/v2\/users\/13"}],"replies":[{"embeddable":true,"href":"https:\/\/iglesiaortodoxa.org.mx\/informacion\/wp-json\/wp\/v2\/comments?post=8271"}],"version-history":[{"count":11,"href":"https:\/\/iglesiaortodoxa.org.mx\/informacion\/wp-json\/wp\/v2\/posts\/8271\/revisions"}],"predecessor-version":[{"id":8853,"href":"https:\/\/iglesiaortodoxa.org.mx\/informacion\/wp-json\/wp\/v2\/posts\/8271\/revisions\/8853"}],"wp:attachment":[{"href":"https:\/\/iglesiaortodoxa.org.mx\/informacion\/wp-json\/wp\/v2\/media?parent=8271"}],"wp:term":[{"taxonomy":"category","embeddable":true,"href":"https:\/\/iglesiaortodoxa.org.mx\/informacion\/wp-json\/wp\/v2\/categories?post=8271"},{"taxonomy":"post_tag","embeddable":true,"href":"https:\/\/iglesiaortodoxa.org.mx\/informacion\/wp-json\/wp\/v2\/tags?post=8271"}],"curies":[{"name":"wp","href":"https:\/\/api.w.org\/{rel}","templated":true}]}}