{"id":7591,"date":"2012-12-21T09:13:18","date_gmt":"2012-12-21T15:13:18","guid":{"rendered":"http:\/\/www.iglesiaortodoxa.org.mx\/informacion\/?p=7591"},"modified":"2013-01-08T13:40:12","modified_gmt":"2013-01-08T19:40:12","slug":"boletin-del-23122012","status":"publish","type":"post","link":"https:\/\/iglesiaortodoxa.org.mx\/informacion\/2012\/12\/boletin-del-23122012\/","title":{"rendered":"Bolet\u00edn del 23\/12\/2012"},"content":{"rendered":"<h2 style=\"text-align: center;\"><span style=\"color: #ff0000;\">Domingo anterior a Navidad<\/span><\/h2>\n<p style=\"text-align: center;\"><a href=\"http:\/\/www.iglesiaortodoxa.org.mx\/informacion\/wp-content\/uploads\/\/La-Natividad1.jpg\" data-rel=\"lightbox-image-0\" data-rl_title=\"\" data-rl_caption=\"\"><img loading=\"lazy\" class=\"aligncenter  wp-image-7592\" title=\"\" alt=\"\" src=\"http:\/\/www.iglesiaortodoxa.org.mx\/informacion\/wp-content\/uploads\/\/La-Natividad1.jpg\" width=\"277\" height=\"339\" srcset=\"https:\/\/iglesiaortodoxa.org.mx\/informacion\/wp-content\/uploads\/La-Natividad1.jpg 768w, https:\/\/iglesiaortodoxa.org.mx\/informacion\/wp-content\/uploads\/La-Natividad1-244x300.jpg 244w\" sizes=\"(max-width: 277px) 100vw, 277px\" \/><\/a><\/p>\n<blockquote>\n<address>Al\u00e9grate, Bel\u00e9n, y prep\u00e1rate, oh \u00c9frata,<\/address>\n<address>porque la Virgen viene a la cueva<\/address>\n<address>para dar a luz a Dios inefablemente.<\/address>\n<address>\u00a1Qu\u00e9 temible misterio es! Abraham, Isaac y Jacob,<\/address>\n<address>los patriarcas y todos los profetas,<\/address>\n<address>los hombres con los \u00e1ngeles festejan<\/address>\n<address>con j\u00fabilo este Nacimiento divino.<\/address>\n<address>\u00a0 \u00a0 \u00a0 \u00a0 \u00a0 \u00a0 \u00a0 \u00a0 \u00a0 \u00a0 \u00a0 \u00a0 \u00a0 \u00a0 \u00a0 \u00a0 \u00a0 \u00a0 \u00a0 \u00a0 \u00a0 \u00a0 \u00a0 \u00a0 \u00a0 \u00a0 \u00a0 \u00a0 \u00a0 \u00a0 \u00a0 \u00a0 \u00a0 \u00a0 \u00a0Exapostelario<\/address>\n<\/blockquote>\n<h3><span style=\"color: #ff0000;\">Himnos de la Liturgia\u00a0<\/span><\/h3>\n<h4>Tropario de la\u00a0 Resurrecci\u00f3n<\/h4>\n<h4>Tono 4<\/h4>\n<address><a href=\"http:\/\/www.iglesiaortodoxa.org.mx\/informacion\/002-audio\/cantos_liturgia\/Trop.Resurreccion4.mp3\" target=\"_blank\"><img loading=\"lazy\" class=\"alignleft size-full wp-image-7576\" style=\"border: 0px; margin: 4px;\" title=\"audio2\" alt=\"\" src=\"http:\/\/www.iglesiaortodoxa.org.mx\/informacion\/wp-content\/uploads\/\/audio25.jpg\" width=\"43\" height=\"43\" \/><\/a>Las disc\u00edpulas del Se\u00f1or aprendieron del \u00c1nge<\/address>\n<address>l el alegre anuncio de la Resurrecci\u00f3n,<\/address>\n<address>y la sentencia ancestral rechazaron<\/address>\n<address>y se dirigieron con orgullo a los ap\u00f3stoles diciendo:<\/address>\n<address>\u00a1Fue aprisionada la muerte, Resucit\u00f3 Cristo Dios<\/address>\n<address>y concedi\u00f3 al mundo la gran misericordia!<\/address>\n<h4>Tropario Previo a Navidad<\/h4>\n<h4>Tono 4<\/h4>\n<address><a href=\"http:\/\/www.youtube.com\/watch?v=eEFK_H6fvVY&amp;feature=mfu_in_order&amp;list=UL\" data-rel=\"lightbox-video-0\" target=\"_blank\"><img loading=\"lazy\" class=\"alignleft size-full wp-image-7577\" style=\"border: 0px; margin: 4px;\" title=\"audio2\" alt=\"\" src=\"http:\/\/www.iglesiaortodoxa.org.mx\/informacion\/wp-content\/uploads\/\/audio26.jpg\" width=\"43\" height=\"43\" \/><\/a>\u00a1Bel\u00e9n, prep\u00e1rate que ya, ha sido abierto el Ed\u00e9n!<\/address>\n<address>\u00a1Que te dispongas, \u00c9frata: porque la vida floreci\u00f3 de la Virgen en la gruta!\u00a0<\/address>\n<address>Su vientre se mostr\u00f3 para\u00edso espiritual,\u00a0<\/address>\n<address>en \u00e9l se plant\u00f3 el madero celestial,\u00a0 del cual comemos y vivimos,\u00a0<\/address>\n<address>jam\u00e1s como Ad\u00e1n moriremos.\u00a0<\/address>\n<address>\u00a1Cristo ha nacido y ha restaurado\u00a0 la imagen antes ca\u00edda!<\/address>\n<h4>Condaquio de la Pre-Navidad<\/h4>\n<h4>\u00a0Tono 3<\/h4>\n<address><a href=\"http:\/\/www.iglesiaortodoxa.org.mx\/informacion\/002-audio\/troparios\/28-Con_pre_Navidad.mp3\" target=\"_blank\"><img loading=\"lazy\" class=\"alignleft size-full wp-image-7577\" style=\"margin: 4px; border: 0px;\" title=\"audio2\" alt=\"\" src=\"http:\/\/www.iglesiaortodoxa.org.mx\/informacion\/wp-content\/uploads\/\/audio26.jpg\" width=\"43\" height=\"43\" \/><\/a>Hoy la Virgen viene a dar a luz inefablemente,<\/address>\n<address>en humilde gruta, al sempiterno Verbo. Al\u00e9grate<\/address>\n<address>, oh universo, al escucharlo; alaba, con las potestades<\/address>\n<address>y pastores, a Quien por voluntad se revela, al nuevo Ni\u00f1o, al eterno Dios.<\/address>\n<h3><span style=\"color: #ff0000;\">Lecturas B\u00edblicas<\/span><\/h3>\n<h4>Carta del Ap\u00f3stol San Pablo a los Hebreos (11:9-10 y 32-40)<\/h4>\n<p style=\"text-align: justify;\">Hermanos: Por la fe, Abraham peregrin\u00f3 por la Tierra\u00a0 Prometida como en tierra extra\u00f1a, habitando en tiendas,\u00a0 lo mismo que Isaac y Jacob, coherederos de la misma\u00a0 promesa. Pues esperaba la ciudad asentada sobre cimientos,\u00a0 cuyo arquitecto y constructor es Dios.<\/p>\n<p style=\"text-align: justify;\">Y, \u00bfa qu\u00e9 continuar? Pues me faltar\u00eda el tiempo si hubiera de\u00a0 hablar sobre Gede\u00f3n, Barac, Sans\u00f3n, Jeft\u00e9, David, Samuel y los\u00a0 profetas. Estos, por la fe, sometieron reinos, hicieron justicia,\u00a0 alcanzaron las promesas, cerraron la boca a los leones;\u00a0 apagaron la violencia del fuego, escaparon del filo de la\u00a0 espada, sacaron fuerzas de la debilidad, se hicieron valientes\u00a0 en la guerra, rechazaron ej\u00e9rcitos extranjeros; las mujeres\u00a0 recobraron resucitados a sus muertos. Unos fueron torturados,\u00a0 rehusando la liberaci\u00f3n por conseguir una resurrecci\u00f3n\u00a0 mejor; otros soportaron burlas y azotes, y hasta cadenas y\u00a0 prisiones; apedreados, torturados, aserrados, muertos a\u00a0 espada; anduvieron errantes cubiertos de pieles de ovejas y de\u00a0 cabras; faltos de todo; oprimidos y maltratados, \u00a1hombres de\u00a0 los que no era digno el mundo!, errantes por desiertos y\u00a0 monta\u00f1as, por cuevas y cavernas de la tierra. Y todos ellos,\u00a0 aunque alabados por su fe, no consiguieron la promesa. Dios\u00a0 ten\u00eda ya dispuesto algo mejor para nosotros, de modo que no\u00a0 llegaran ellos sin nosotros a la perfecci\u00f3n.<\/p>\n<h4 style=\"text-align: justify;\">Evangelio seg\u00fan San Mateo (1: 1-25)<\/h4>\n<p style=\"text-align: justify;\">Libro de la generaci\u00f3n de\u00a0 Jesucristo, hijo de David, hijo\u00a0 de Abraham: Abraham\u00a0 engendr\u00f3 a Isaac,\u00a0\u00a0 Isaac engendr\u00f3 a\u00a0 Jacob, Jacob engendr\u00f3 a Jud\u00e1 y a\u00a0 sus hermanos, Jud\u00e1 engendr\u00f3 de\u00a0 Tamar a Fares y a Zara, Fares\u00a0 engendr\u00f3 a Esrom, Esrom engendr\u00f3\u00a0 a Aram, Aram engendr\u00f3 a Aminadab,\u00a0 Aminadab engendr\u00f3 a Naass\u00f3n,\u00a0 Naass\u00f3n engendr\u00f3 a Salm\u00f3n,\u00a0 Salm\u00f3n engendr\u00f3 de Rajab a Booz,\u00a0 Booz engendr\u00f3 de Rut a Obed, Obed\u00a0 engendr\u00f3 a Jes\u00e9, Jes\u00e9 engendr\u00f3 al\u00a0 rey David.<\/p>\n<p style=\"text-align: justify;\">David engendr\u00f3, de la\u00a0 que fue mujer de Ur\u00edas a Salom\u00f3n,\u00a0 Salom\u00f3n engendr\u00f3 a Roboam,\u00a0 Roboam engendr\u00f3 a Abi\u00e1, Abi\u00e1\u00a0 engendr\u00f3 a Asaf, Asaf engendr\u00f3 a\u00a0 Josafat, Josafat engendr\u00f3 a Joram,\u00a0 Joram engendr\u00f3 a Oz\u00edas, Oz\u00edas\u00a0 engendr\u00f3 a Joatam, Joatam\u00a0 engendr\u00f3 a Acaz, Acaz engendr\u00f3 a\u00a0 Ezequias, Ezequias engendr\u00f3 a\u00a0 Manas\u00e9s, Manas\u00e9s engendr\u00f3 a\u00a0 Am\u00f3n, Am\u00f3n engendr\u00f3 a Jos\u00edas,\u00a0 Jos\u00edas engendr\u00f3 a Jecon\u00edas y a sus\u00a0 hermanos cuando la deportaci\u00f3n a\u00a0 Babilonia.<\/p>\n<p style=\"text-align: justify;\">Despu\u00e9s de la\u00a0 deportaci\u00f3n a Babilonia, Jecon\u00edas\u00a0 engendr\u00f3 a Salatiel, Salatiel\u00a0 engendr\u00f3 a Zorobabel, Zorobabel\u00a0 engendr\u00f3 a Abiud, Abiud engendr\u00f3 a\u00a0 Eliakim, Eliakim engendr\u00f3 a Azor,\u00a0 Azor engendr\u00f3 a Sadoq, Sadoq\u00a0 engendr\u00f3 a Aquim, Aquim engendr\u00f3\u00a0 a Eliud, Eliud engendr\u00f3 a Eleazar,\u00a0 Eleazar engendr\u00f3 a Mat\u00e1n, Mat\u00e1n\u00a0 engendr\u00f3 a Jacob y Jacob engendr\u00f3\u00a0 a Jos\u00e9, el esposo de Mar\u00eda, de la que\u00a0 naci\u00f3 Jes\u00fas, llamado Cristo.<\/p>\n<p style=\"text-align: justify;\">As\u00ed que\u00a0 el total de las generaciones son: desde Abraham hasta David, catorce\u00a0 generaciones; desde David hasta la\u00a0 deportaci\u00f3n a Babilonia, catorce\u00a0 generaciones; desde la deportaci\u00f3n a\u00a0 Babilonia hasta Cristo, catorce\u00a0 generaciones.<\/p>\n<p style=\"text-align: justify;\">La generaci\u00f3n de Jesucristo fue de\u00a0 esta manera: Su madre, Mar\u00eda,\u00a0 estaba desposada con Jos\u00e9 y, antes\u00a0 de juntarse ellos, se encontr\u00f3 encinta\u00a0 por obra del Esp\u00edritu Santo. Su\u00a0 marido Jos\u00e9, como era justo y no\u00a0 quer\u00eda ponerla en evidencia, resolvi\u00f3\u00a0 repudiarla en secreto. Mientras\u00a0 estaba pensando en esto, he aqu\u00ed\u00a0 que el \u00c1ngel del Se\u00f1or se le apareci\u00f3\u00a0 en sue\u00f1os y le dijo: \u00abJos\u00e9, hijo de\u00a0 David, no temas tomar contigo a\u00a0 Mar\u00eda tu mujer, porque lo engendrado\u00a0 en ella es del Esp\u00edritu Santo. Dar\u00e1 a\u00a0 luz un hijo, y t\u00fa le pondr\u00e1s por\u00a0 nombre Jes\u00fas, porque \u00c9l salvar\u00e1 a su\u00a0 pueblo de sus pecados.\u00bb Todo esto\u00a0 sucedi\u00f3 para que se cumpliese el\u00a0 or\u00e1culo del Se\u00f1or por medio del\u00a0 profeta: He aqu\u00ed que la Virgen\u00a0 concebir\u00e1 y dar\u00e1 a luz un hijo, y le\u00a0 pondr\u00e1n por nombre Emmanuel, que\u00a0 traducido significa \u201cDios con\u00a0 nosotros\u201d. Despertado Jos\u00e9 del\u00a0 sue\u00f1o, hizo como el \u00c1ngel del Se\u00f1or\u00a0 le hab\u00eda mandado, y tom\u00f3 consigo a\u00a0 su mujer. Y no la conoc\u00eda hasta que\u00a0 ella dio a luz a su hijo y le puso por\u00a0 nombre Jes\u00fas.<\/p>\n<h3 style=\"text-align: justify;\"><span style=\"color: #ff0000;\">Mensaje Pastoral<\/span><\/h3>\n<h4 style=\"text-align: justify;\">\u00a1Nos ha buscado el Salvador!<\/h4>\n<p style=\"text-align: justify;\"><em>\u00abLe pondr\u00e1s por nombre Jes\u00fas, porque \u00c9l salvar\u00e1 a su pueblo de sus pecados.\u00bb<\/em><\/p>\n<p style=\"text-align: justify;\">Fue el mandato del \u00c1ngel a Jos\u00e9 el comprometido de Mar\u00eda. El nombre Jes\u00fas significa en hebreo \u00abDios salva\u00bb. Tambi\u00e9n el \u00c1ngel que se<a href=\"http:\/\/www.iglesiaortodoxa.org.mx\/informacion\/wp-content\/uploads\/\/icon_natividad.jpg\" data-rel=\"lightbox-image-1\" data-rl_title=\"\" data-rl_caption=\"\"><img loading=\"lazy\" class=\"alignright  wp-image-7599\" style=\"border: 0px; margin: 8px;\" title=\"\" alt=\"\" src=\"http:\/\/www.iglesiaortodoxa.org.mx\/informacion\/wp-content\/uploads\/\/icon_natividad.jpg\" width=\"94\" height=\"62\" srcset=\"https:\/\/iglesiaortodoxa.org.mx\/informacion\/wp-content\/uploads\/icon_natividad.jpg 325w, https:\/\/iglesiaortodoxa.org.mx\/informacion\/wp-content\/uploads\/icon_natividad-300x199.jpg 300w\" sizes=\"(max-width: 94px) 100vw, 94px\" \/><\/a> present\u00f3 a los pastores, como nos cuenta el Evangelio seg\u00fan san Lucas, les anunci\u00f3 que \u00ables ha nacido hoy, en la ciudad de David, un Salvador\u00bb. En nuestras oraciones, no cesamos de exclamar: \u00ab\u00a1S\u00e1lvanos, oh Hijo de Dios!\u00bb \u00abPor las intercesiones de la Madre de Dios, oh Salvador, \u00a1s\u00e1lvanos!\u00bb; y concluimos todos nuestros rezos con la frase \u00ab\u00a1Por las oraciones de nuestros padres, oh Se\u00f1or Jesucristo, Dios nuestro, ten piedad de nosotros y s\u00e1lvanos!\u00bb T\u00e9rmino que ocupa un lugar preponderante en nuestro culto y que muchas veces lo repetimos con inercia autom\u00e1tica: \u00bfa qu\u00e9 se refiere la \u201cSalvaci\u00f3n\u201d? \u00bfQue nos salve de qu\u00e9?<\/p>\n<p style=\"text-align: justify;\">Los jud\u00edos esperaban un Mes\u00edas que les salvara del yugo de los romanos y que les diera la liberaci\u00f3n pol\u00edtica y restaurara el reino de David. Por eso les decepcion\u00f3 el aspecto de Jes\u00fas el Nazareno, manso y humilde desde el pesebre. Esperaban \u2014como muchos se limitan a hacer\u2014 tan solo una salvaci\u00f3n de los peligros y males que pudieran cercar su existencia: enemigos, enfermedades, accidentes, Etc. A \u00e9stos Cristo no les satisface como salvador, y ante cualquier malestar se quejan y hasta blasfeman.<\/p>\n<p style=\"text-align: justify;\">Otros piensan que la salvaci\u00f3n es un estado que tiene que ver con la vida venidera, de tal modo que en esta vida sufrimos y aguantamos a fin de conseguir la salvaci\u00f3n en la eternidad. Eso contradice a lo que el Se\u00f1or anunci\u00f3 a Zaqueo, la persona de peque\u00f1a estatura que le recibi\u00f3: \u00abHoy ha llegado la salvaci\u00f3n a esta casa\u00bb (Lc 19:10). Entonces no se trata de algo futuro sino de una gracia que se recibe hoy y aqu\u00ed.<\/p>\n<p style=\"text-align: justify;\">San Pablo describe la salvaci\u00f3n de esta manera: \u00ab[\u2026] ustedes que se han despojado del hombre viejo con sus obras y se han revestido del hombre nuevo que se va renovando hacia el conocimiento, seg\u00fan la imagen de su Creador\u00bb (Col 3:9-10). Entonces no se trata ni de protecci\u00f3n externa ni de paz futura sino de una restauraci\u00f3n presente de mi naturaleza corrupta \u2014el hombre viejo con sus defectos y vicios: ira, envidia, distracci\u00f3n, ego\u00edsmo, soberbia, concupiscencia\u2014 hacia el hombre nuevo, Jesucristo. Este cambio procurado, ll\u00e1mese salvaci\u00f3n, conversi\u00f3n o curaci\u00f3n es la Gracia a la que el cristiano tiene acceso en la Iglesia: confesi\u00f3n, lectura espiritual, vigilia, oraci\u00f3n, vida comunitaria y acercamiento al santo C\u00e1liz. Por eso, los santos Padres frecuentemente se refieren a la Iglesia como hospital salv\u00edfico: \u00abNo necesitan m\u00e9dico los que est\u00e1n sanos, sino los que est\u00e1n mal\u00bb (Lc 5:31).<\/p>\n<p style=\"text-align: justify;\">\u00a1Cree y ser\u00e1s salvado!, una frase que suele malinterpretarse como si la salvaci\u00f3n fuera una acci\u00f3n est\u00e1tica condicionada con cierta confesi\u00f3n dogm\u00e1tica. En realidad, esta comprensi\u00f3n es muy lejana al concepto b\u00edblico. La salvaci\u00f3n es un proceso permanente, una renovaci\u00f3n constante en el Se\u00f1or; como una l\u00ednea gr\u00e1fica de ondas variadas pero finalmente ascendente sinf\u00edn ante la vista de Dios. Cuando esta renovaci\u00f3n-salvaci\u00f3n empieza a tocar el coraz\u00f3n de nuestra vida, los peligros por m\u00e1s severos que sean se muestran a final de cuentas como tentaciones beneficiosas que nos acercan al cuidado paterno de Dios, y la promesa de la paz futura vuelve una certeza y anticipaci\u00f3n consoladoras.<\/p>\n<p style=\"text-align: justify;\">La celebraci\u00f3n navide\u00f1a \u2014luces, ropa nueva, \u00e1rbol, obra ben\u00e9fica y, sobre todo, participaci\u00f3n lit\u00fargica y sacramental intensificada\u2014 precisamente nos debe colocar alegremente en la memoria de esta renovaci\u00f3n que nos ha sido dada con la Encarnaci\u00f3n de Verbo que \u00abhabit\u00f3 entre nosotros\u00bb, y fortalecer nuestra \u00abbuena voluntad\u00bb con respecto a la iniciativa divina que los \u00e1ngeles anunciaron una vez y para siempre: \u00ab\u00a1Gloria a Dios en las alturas y en la tierra paz (salvaci\u00f3n) a los hombres de buena voluntad!\u00bb Am\u00e9n.<\/p>\n<h3 style=\"text-align: justify;\"><span style=\"color: #ff0000;\">Nuestra Fe y Tradici\u00f3n<\/span><\/h3>\n<h4 style=\"text-align: justify;\">El Icono de la Natividad<\/h4>\n<p style=\"text-align: justify;\"><a href=\"http:\/\/www.iglesiaortodoxa.org.mx\/informacion\/wp-content\/uploads\/\/Icono-completo1.jpg\" data-rel=\"lightbox-image-2\" data-rl_title=\"\" data-rl_caption=\"\"><img loading=\"lazy\" class=\"alignleft  wp-image-7595\" title=\"\" alt=\"\" src=\"http:\/\/www.iglesiaortodoxa.org.mx\/informacion\/wp-content\/uploads\/\/Icono-completo1.jpg\" width=\"86\" height=\"109\" srcset=\"https:\/\/iglesiaortodoxa.org.mx\/informacion\/wp-content\/uploads\/Icono-completo1.jpg 400w, https:\/\/iglesiaortodoxa.org.mx\/informacion\/wp-content\/uploads\/Icono-completo1-237x300.jpg 237w\" sizes=\"(max-width: 86px) 100vw, 86px\" \/><\/a>El icono nos describe, con colores, la reuni\u00f3n del cielo y la tierra al festejar \u201cla llegada de la plenitud de los tiempos\u201d.<\/p>\n<p style=\"text-align: justify;\">El \u00e1ngel se inclina hacia los pastores, gente humilde y marginada,\u00a0 anunci\u00e1ndoles el suceso, mientras los magos se dirigen hacia el Rey representando la participaci\u00f3n de los p\u00e1ganos que no se hab\u00edan preparado por ninguna historia prof\u00e9tica, mientras los jud\u00edos si.<\/p>\n<p style=\"text-align: justify;\">Se acercan al ni\u00f1o nacido un buey y un asno que, participando en esta celebraci\u00f3n universal, nos recuerdan la profec\u00eda de Isa\u00edas: \u201cconoce el buey a su due\u00f1o, y el asno el pesebre de su amo. Israel no conoce, mi pueblo no discierne.\u201d (Is.1:3).<\/p>\n<p style=\"text-align: justify;\">Un hombre vestido de lana est\u00e1 platicando con Jos\u00e9; ha de ser el tentador (Satan\u00e1s) tratando de alentar las dudas de Jos\u00e9 sobre este inefable parto: \u201c\u00bfQu\u00e9 es este suceso, oh Mar\u00eda, el cual veo en ti? &#8230; En lugar de honor me has tra\u00eddo verg\u00fcenza; en lugar de alegr\u00eda, tristeza; &#8230;\u201d. Mas Dios, quien no permite tentaciones que sobrepasen nuestros esfuerzos, ilumin\u00f3 al justo Jos\u00e9, ense\u00f1\u00e1ndole la pureza de la Virgen.<\/p>\n<p style=\"text-align: justify;\">He aqu\u00ed que la Madre de Dios est\u00e1 acostada en la entrada de la gruta, rodeada con un nimbo que parece grano de trigo, \u00a1c\u00f3mo no, ella es la madre de la Vida! La Virgen \u201cguardaba todas estas cosas, y las meditaba en su coraz\u00f3n\u201d (Lu.2:19). Tambi\u00e9n, est\u00e1 mirando a cada uno de nosotros invit\u00e1ndole a que, por su parte, d\u00e9 a luz a Cristo.<\/p>\n<p style=\"text-align: justify;\">En medio del esplendor de este festejo sobresales, oh Se\u00f1or, con tu divina quietud, y tu pesebre nos parece como un sepulcro: el primero lleva a la Vida para que del segundo nos brote la vida.<\/p>\n<p style=\"text-align: justify;\">\u201cnos prosternamos ante tu Nacimiento, oh Cristo, mu\u00e9stranos tu divina Epifan\u00eda\u201d<\/p>\n<h3 style=\"text-align: justify;\"><span style=\"color: #ff0000;\">Vida de Santos<\/span><\/h3>\n<h4 style=\"text-align: justify;\">Nacimiento de Nuestro Se\u00f1or Jesucristo<\/h4>\n<h4 style=\"text-align: justify;\">Homil\u00eda\u00a0de la Navidad de San Juan Cris\u00f3stomo<\/h4>\n<p style=\"text-align: justify;\">\u00a1Me sorprende un nuevo y maravilloso misterio!<\/p>\n<p style=\"text-align: justify;\">Mis o\u00eddos resuenan ante el himno de los pastores, que no entonan una melod\u00eda suave sino un himno celestial ensordecedor.<a href=\"http:\/\/www.iglesiaortodoxa.org.mx\/informacion\/wp-content\/uploads\/\/17560_217837321429_513496429_3633065_2072485_n.jpg\" data-rel=\"lightbox-image-3\" data-rl_title=\"\" data-rl_caption=\"\"><img loading=\"lazy\" class=\"alignright  wp-image-7603\" style=\"border: 0px; margin: 8px;\" title=\"\" alt=\"\" src=\"http:\/\/www.iglesiaortodoxa.org.mx\/informacion\/wp-content\/uploads\/\/17560_217837321429_513496429_3633065_2072485_n.jpg\" width=\"113\" height=\"144\" srcset=\"https:\/\/iglesiaortodoxa.org.mx\/informacion\/wp-content\/uploads\/17560_217837321429_513496429_3633065_2072485_n.jpg 313w, https:\/\/iglesiaortodoxa.org.mx\/informacion\/wp-content\/uploads\/17560_217837321429_513496429_3633065_2072485_n-234x300.jpg 234w\" sizes=\"(max-width: 113px) 100vw, 113px\" \/><\/a><\/p>\n<p style=\"text-align: justify;\">\u00a1Los \u00e1ngeles cantan!<\/p>\n<p style=\"text-align: justify;\">\u00a1Los Arc\u00e1ngeles unen sus voces en armon\u00eda!<\/p>\n<p style=\"text-align: justify;\">\u00a1Los Querubines entonan sus alabanzas llenas de gozo!<\/p>\n<p style=\"text-align: justify;\">\u00a1Los Serafines exaltan Su gloria!<\/p>\n<p style=\"text-align: justify;\">Todos se unen para alabar en esta santa festividad, sorprendi\u00e9ndose ante el mismo Dios aqu\u00ed\u2026 en la tierra y el hombre en el cielo. Aquel que est\u00e1 arriba, por nuestra salvaci\u00f3n reposa aqu\u00ed abajo; y nosotros, que est\u00e1bamos abajo somos exaltados por la divina misericordia.<\/p>\n<p style=\"text-align: justify;\">Hoy Bel\u00e9n se asemeja a los cielos, escuchando desde las estrellas el canto de las voces ang\u00e9licas y, en lugar del sol, presencia la aparici\u00f3n del Sol de la Justicia. No pregunten como es esto, porque donde Dios desea, el orden de la naturaleza es cambiado. Porque \u00c9l quiso, tuvo el poder para descender. \u00c9l salv\u00f3. Todo se movi\u00f3 en obediencia a Dios.<\/p>\n<p style=\"text-align: justify;\">Hoy, Aquel que es, nace. Y Aquel que es, se convierte en lo que no era. Porque cuando era Dios, se hizo hombre sin dejar de ser Dios\u2026<\/p>\n<p style=\"text-align: justify;\">Y as\u00ed los reyes llegaron, viendo al Rey celestial que vino a la tierra, sin traer \u00e1ngeles, ni arc\u00e1ngeles, ni tronos, ni dominaciones, ni poderes, ni principados, sino iniciando un nuevo y solitario camino desde un seno virginal. Y sin embargo no olvid\u00f3 a sus \u00e1ngeles, no los priv\u00f3 de su cuidado, porque por su encarnaci\u00f3n no ha dejado de ser Dios.<\/p>\n<p style=\"text-align: justify;\">Y, miren: los reyes han llegado, para servir al Jefe de los ej\u00e9rcitos celestiales; las mujeres vienen a adorarlo, pues ha nacido de una mujer, para que cambie las penas del alumbramiento en gozo; las v\u00edrgenes, al hijo de la Virgen\u2026<\/p>\n<p style=\"text-align: justify;\">Los ni\u00f1os vienen a adorarlo pues se hizo ni\u00f1o, porque de la boca de los ni\u00f1os perfeccionar\u00e1 la alabanza; los ni\u00f1os, al ni\u00f1o que levant\u00f3 m\u00e1rtires por la matanza de Herodes;<\/p>\n<p style=\"text-align: justify;\">Los hombres a Aquel que se hace hombre para curar las miserias de sus siervos.<\/p>\n<p style=\"text-align: justify;\">Los pastores, al Buen Pastor que da la vida por sus ovejas; los sacerdotes, a Aquel que se hace Sumo Sacerdote seg\u00fan el orden de Melquisedec.<\/p>\n<p style=\"text-align: justify;\">Los siervos, a Aquel que tom\u00f3 la forma de siervo, para bendecir nuestro servicio con la recompensa de la libertad (Fil 2:7);<\/p>\n<p style=\"text-align: justify;\">Los pescadores, al Pescador de la humanidad;<\/p>\n<p style=\"text-align: justify;\">Los publicanos, a Aquel quien estando entre ellos los nombr\u00f3 evangelistas;<\/p>\n<p style=\"text-align: justify;\">Las mujeres pecadoras a Aquel que entreg\u00f3 sus pies a las l\u00e1grimas de la mujer arrepentida, y para que pueda abrazarlos tambi\u00e9n yo; todos los pecadores han venido, para poder ver al Cordero de Dios que carga con los pecados del mundo.<\/p>\n<p style=\"text-align: justify;\">Por eso todos se regocijan, y yo tambi\u00e9n deseo regocijarme. Deseo participar de esta danza y de este coro, para celebrar esta fiesta. Pero tomo mi lugar, no tocando el arpa ni llevando una antorcha, sino abrazando la cuna de Cristo.<\/p>\n<p style=\"text-align: justify;\">\u00a1Porque \u00e9sta es mi esperanza!<\/p>\n<p style=\"text-align: justify;\">\u00a1\u00c9sta es mi vida!<\/p>\n<p style=\"text-align: justify;\">\u00a1\u00c9sta es mi salvaci\u00f3n!<\/p>\n<p style=\"text-align: justify;\">\u00a1\u00c9ste es mi canto, mi arpa! Y tray\u00e9ndola en mis brazos, vengo ante ustedes habiendo recibido el poder y el don de la palabra, y con los \u00e1ngeles y los pastores canto:<\/p>\n<p style=\"text-align: justify;\">\u00a1Gloria a Dios en las alturas, paz en la tierra y entre los hombres buena voluntad!<\/p>\n<h4 style=\"text-align: justify;\">Frases B\u00edblicas<\/h4>\n<ul>\n<li style=\"text-align: justify;\">Pero t\u00fa, Bel\u00e9n Efrata, peque\u00f1a para estar entre las familias de Jud\u00e1, de ti me saldr\u00e1 el que ser\u00e1 Se\u00f1or en Israel; y sus salidas son desde el principio, desde los d\u00edas de la eternidad. (Miq 5:2)<\/li>\n<li style=\"text-align: justify;\">El pueblo que andaba en tinieblas vio gran luz; los que moraban en tierra de sombra de muerte, luz resplandeci\u00f3 sobre ellos. (Is 9: 2)<\/li>\n<li style=\"text-align: justify;\">Por la entra\u00f1able misericordia de nuestro Dios, nos visitar\u00e1 el sol que nace de lo alto, para iluminar a los que viven en tinieblas\u00a0 y en sombra de muerte,\u00a0 para guiar nuestros pasos\u00a0 por el camino de la paz. (Lc 1, 78-79)<\/li>\n<\/ul>\n<p>&nbsp;<\/p>\n","protected":false},"excerpt":{"rendered":"<p>Domingo anterior a Navidad Al\u00e9grate, Bel\u00e9n, y prep\u00e1rate, oh \u00c9frata, porque la Virgen viene a la cueva para dar a luz a Dios inefablemente. \u00a1Qu\u00e9 temible misterio es! Abraham, Isaac y Jacob, los patriarcas y todos los profetas, los hombres con los \u00e1ngeles festejan con j\u00fabilo este Nacimiento divino. \u00a0 \u00a0 \u00a0 \u00a0 \u00a0 \u00a0 [&hellip;]<\/p>\n","protected":false},"author":13,"featured_media":0,"comment_status":"closed","ping_status":"closed","sticky":false,"template":"","format":"standard","meta":{"_bbp_topic_count":0,"_bbp_reply_count":0,"_bbp_total_topic_count":0,"_bbp_total_reply_count":0,"_bbp_voice_count":0,"_bbp_anonymous_reply_count":0,"_bbp_topic_count_hidden":0,"_bbp_reply_count_hidden":0,"_bbp_forum_subforum_count":0},"categories":[46],"tags":[],"_links":{"self":[{"href":"https:\/\/iglesiaortodoxa.org.mx\/informacion\/wp-json\/wp\/v2\/posts\/7591"}],"collection":[{"href":"https:\/\/iglesiaortodoxa.org.mx\/informacion\/wp-json\/wp\/v2\/posts"}],"about":[{"href":"https:\/\/iglesiaortodoxa.org.mx\/informacion\/wp-json\/wp\/v2\/types\/post"}],"author":[{"embeddable":true,"href":"https:\/\/iglesiaortodoxa.org.mx\/informacion\/wp-json\/wp\/v2\/users\/13"}],"replies":[{"embeddable":true,"href":"https:\/\/iglesiaortodoxa.org.mx\/informacion\/wp-json\/wp\/v2\/comments?post=7591"}],"version-history":[{"count":18,"href":"https:\/\/iglesiaortodoxa.org.mx\/informacion\/wp-json\/wp\/v2\/posts\/7591\/revisions"}],"predecessor-version":[{"id":7729,"href":"https:\/\/iglesiaortodoxa.org.mx\/informacion\/wp-json\/wp\/v2\/posts\/7591\/revisions\/7729"}],"wp:attachment":[{"href":"https:\/\/iglesiaortodoxa.org.mx\/informacion\/wp-json\/wp\/v2\/media?parent=7591"}],"wp:term":[{"taxonomy":"category","embeddable":true,"href":"https:\/\/iglesiaortodoxa.org.mx\/informacion\/wp-json\/wp\/v2\/categories?post=7591"},{"taxonomy":"post_tag","embeddable":true,"href":"https:\/\/iglesiaortodoxa.org.mx\/informacion\/wp-json\/wp\/v2\/tags?post=7591"}],"curies":[{"name":"wp","href":"https:\/\/api.w.org\/{rel}","templated":true}]}}