{"id":7409,"date":"2012-11-09T17:17:27","date_gmt":"2012-11-09T23:17:27","guid":{"rendered":"http:\/\/www.iglesiaortodoxa.org.mx\/informacion\/?p=7409"},"modified":"2013-01-08T13:40:12","modified_gmt":"2013-01-08T19:40:12","slug":"boletin-del-11112012","status":"publish","type":"post","link":"https:\/\/iglesiaortodoxa.org.mx\/informacion\/2012\/11\/boletin-del-11112012\/","title":{"rendered":"Bolet\u00edn del 11\/11\/2012"},"content":{"rendered":"<h2 style=\"text-align: center;\"><span style=\"color: #ff0000;\">8\u00b0 Domingo de Lucas \u00a0<\/span><\/h2>\n<p style=\"text-align: center;\"><a href=\"http:\/\/www.iglesiaortodoxa.org.mx\/informacion\/wp-content\/uploads\/\/samariteanul_milostiv.jpg\" data-rel=\"lightbox-image-0\" data-rl_title=\"\" data-rl_caption=\"\"><img loading=\"lazy\" class=\"aligncenter  wp-image-7410\" style=\"border: 0px;\" title=\"\" src=\"http:\/\/www.iglesiaortodoxa.org.mx\/informacion\/wp-content\/uploads\/\/samariteanul_milostiv.jpg\" alt=\"\" width=\"384\" height=\"257\" srcset=\"https:\/\/iglesiaortodoxa.org.mx\/informacion\/wp-content\/uploads\/samariteanul_milostiv.jpg 427w, https:\/\/iglesiaortodoxa.org.mx\/informacion\/wp-content\/uploads\/samariteanul_milostiv-300x200.jpg 300w\" sizes=\"(max-width: 384px) 100vw, 384px\" \/><\/a><\/p>\n<blockquote>\n<address>Venid a reuniros con los disc\u00edpulos en el monte de Galilea<\/address>\n<address>para que ve\u00e1is a Cristo, diciendo con fe:<\/address>\n<address>He recibido el poder de lo que est\u00e1 arriba y lo que esta abajo.<\/address>\n<address>Aprendamos como ense\u00f1a a bautizar a todas las naciones<\/address>\n<address>en el nombre del Padre, del Hijo y del Esp\u00edritu Santo,<\/address>\n<address>prometi\u00e9ndonos permanecer con nosotros hasta el fin del mundo.<\/address>\n<address>\u00a0 \u00a0 \u00a0 \u00a0 \u00a0 \u00a0 \u00a0 \u00a0 \u00a0 \u00a0 \u00a0 \u00a0 \u00a0 \u00a0 \u00a0 \u00a0 \u00a0 \u00a0 \u00a0 \u00a0 \u00a0 \u00a0 \u00a0 \u00a0 \u00a0 \u00a0 \u00a0 \u00a0 \u00a0 \u00a0 \u00a0 \u00a0 \u00a0 \u00a0 \u00a0 \u00a0 \u00a0 \u00a0 \u00a0 \u00a0 \u00a0 \u00a0 \u00a0 \u00a0 \u00a0 \u00a0 \u00a0 \u00a0 \u00a0 \u00a0 \u00a0 Exapostelario<\/address>\n<\/blockquote>\n<h3><span style=\"color: #ff0000;\">Himnos de la Liturgia<\/span><\/h3>\n<h4>Tropario de la Resurrecci\u00f3n<\/h4>\n<h4>Tono 6<\/h4>\n<address><a href=\"http:\/\/www.iglesiaortodoxa.org.mx\/informacion\/002-audio\/cantos_liturgia\/Trop.Resurreccion6.mp3\" target=\"_blank\"><img loading=\"lazy\" class=\"alignleft size-full wp-image-7177\" style=\"border: 0px; margin: 4px;\" title=\"audio1\" src=\"http:\/\/www.iglesiaortodoxa.org.mx\/informacion\/wp-content\/uploads\/\/audio130.jpg\" alt=\"\" width=\"43\" height=\"43\" \/><\/a>Los poderes celestiales aparecieron sobre tu sepulcro;<\/address>\n<address>y los guardias quedaron como muertos;<\/address>\n<address>Mar\u00eda se plant\u00f3 en el sepulcro buscando Tu Cuerpo Pur\u00edsimo;<\/address>\n<address>sometiste al hades sin ser tentado por \u00e9l;<\/address>\n<address>y encontraste a la Virgen otorg\u00e1ndole la vida.<\/address>\n<address>\u00a1Oh Resucitado de entre los muertos, Se\u00f1or, gloria a Ti!<\/address>\n<h4>Condaquio de la Presentaci\u00f3n de la Madre de Dios en el Templo<\/h4>\n<h4>Tono 4<\/h4>\n<address>Sagrado Templo del Se\u00f1or y pur\u00edsimo, preciosa c\u00e1mara nupcial<\/address>\n<address>y sant\u00edsima, cofre venerable de la Gloria de Dios, en la casa del Se\u00f1or,<\/address>\n<address>la Virgen hoy es presentada y con ella la gracia del Esp\u00edritu Divino.<\/address>\n<address>Al\u00e1benle los \u00e1ngeles de Dios porque ella es la tienda celestial.<\/address>\n<h3><span style=\"color: #ff0000;\">Lecturas B\u00edblicas<\/span><\/h3>\n<h4 style=\"text-align: justify;\">Carta del Ap\u00f3stol San Pablo a los Efesios (4: 1-7)<\/h4>\n<p style=\"text-align: justify;\">Hermanos: Les ruego yo, preso en el Se\u00f1or, a que vivan de una manera digna de la vocaci\u00f3n con que han sido llamados, con toda humildad, mansedumbre y paciencia, soport\u00e1ndose unos a otros en el amor, poniendo empe\u00f1o en conservar la unidad del Esp\u00edritu con el v\u00ednculo de la paz. Un solo Cuerpo y un solo Esp\u00edritu, como una es la esperanza a que han sido llamados. Un solo Se\u00f1or, una sola fe, un solo\u00a0bautismo, un solo Dios y Padre de todos, que est\u00e1 sobre todos,por todos y en todos.<\/p>\n<p style=\"text-align: justify;\">A cada uno de nosotros le ha sido concedida la Gracia a la medida del don de Cristo.<\/p>\n<h4 style=\"text-align: justify;\">Evangelio seg\u00fan San Lucas (10: 25-37)<\/h4>\n<p style=\"text-align: justify;\">En aquel tiempo, se levant\u00f3 un legista y le dijo a Jes\u00fas \u00a0\u00a0a prueba: \u00abMaestro, \u00bfqu\u00e9 he de hacer para heredar vida eterna?\u00bb \u00c9l le dijo: \u00ab\u00bfQu\u00e9 est\u00e1 escrito en la Ley? \u00bfC\u00f3mo lees?\u00bb Respondi\u00f3 aqu\u00e9l: \u00abAmar\u00e1s al Se\u00f1or tu Dios con todo tu coraz\u00f3n, con toda tu alma, con todas tus fuerzas y con toda tu mente; y a tu pr\u00f3jimo como a ti mismo.\u00bb Entonces le dijo: \u00abBien has respondido. Haz eso y vivir\u00e1s.\u00bb Pero \u00e9l, queriendo justificarse, dijo a Jes\u00fas: \u00abY \u00bfqui\u00e9n es mi pr\u00f3jimo?\u00bb Jes\u00fas le respondi\u00f3 y dijo: \u00abBajaba un hombre de Jerusal\u00e9n a Jeric\u00f3, y cay\u00f3 en manos de salteadores que, despu\u00e9s de despojarlo y golpearlo, se fueron dej\u00e1ndolo medio muerto. Casualmente, bajaba por aquel camino un sacerdote y, al verlo, dio un rodeo. De igual modo un levita que pasaba por aquel sitio lo vio y dio un rodeo. Pero un samaritano que iba de camino lleg\u00f3 junto a \u00e9l, y al ver lo tuvo compasi\u00f3n; se acerc\u00f3 y vend\u00f3 sus heridas echando en ellas aceite y vino; y haci\u00e9ndolo montar su propia cabalgadura, lo llev\u00f3 a una posada y cuid\u00f3 de \u00e9l. Al d\u00eda siguiente, sacando dos denarios, se los dio al posadero y dijo: \u201cCuida de \u00e9l y, si gastas algo m\u00e1s, te lo pagar\u00e9 cuando vuelva.\u201d&#8230; \u00bfQui\u00e9n de estos tres te parece que fue pr\u00f3jimo del que cay\u00f3 en manos de los salteadores?\u00bb \u00c9l dijo: \u00abEl que practic\u00f3 la misericordia con \u00e9l.\u00bb Entonces Jes\u00fas le dijo: \u00abVete y haz t\u00fa lo mismo.\u00bb<\/p>\n<h3 style=\"text-align: justify;\"><span style=\"color: #ff0000;\">Mensaje Pastoral<\/span><\/h3>\n<h4>\u00bfQui\u00e9n es mi pr\u00f3jimo?<\/h4>\n<p style=\"text-align: justify;\">La personalidad del hombre se define conforme a su reacci\u00f3n a su entorno, es decir, seg\u00fan su relaci\u00f3n con el pr\u00f3jimo que Dios le pone en el camino. Estas relaciones sociales no forman meramente una parte de la vida sino que instituyen el sentido real de la misma; es menester enfatizarlo hoy en d\u00eda, que el individualismo se ha vuelto la <em>dignidad <\/em>principal de la sociedad.<\/p>\n<p style=\"text-align: justify;\">La pregunta que le preocupaba al legista de la lectura evang\u00e9lica no es f\u00e1cil de contestar: \u00ab\u00bfQui\u00e9n es mi pr\u00f3jimo?\u00bb, al que tengo que amar como a m\u00ed mismo y cuya vida ocupar\u00eda de mi <em>reinado<\/em> un espacio significativo tanto cuanto la m\u00eda.<\/p>\n<p style=\"text-align: justify;\">Para el jud\u00edo de aquel entonces, merece este calificativo el hermano, el familiar o el jud\u00edo, tomando en cuenta que en su concepto la religi\u00f3n equivale a la raza. El hombre contempor\u00e1neo tambi\u00e9n define \u00abel pr\u00f3jimo\u00bb conforme a la ideolog\u00eda religiosa, pol\u00edtica o nacional y, sobre todo, conforme al inter\u00e9s com\u00fan.<\/p>\n<p style=\"text-align: justify;\">La par\u00e1bola de Cristo \u00abel Buen samaritano\u00bb, en cambio, establece la respuesta concluyente del Cristianismo sobre \u00abel pr\u00f3jimo\u00bb en el siguiente t\u00e9rmino: \u00a1Amor!<\/p>\n<p style=\"text-align: justify;\">Amor comprometido y expresado en misericordia; amor pr\u00e1ctico incapaz de encerrarse insensiblemente lejos del entorno. \u00bfQu\u00e9 significa la familia y la hermandad cuando el amor se opaca? \u00bfQu\u00e9 figura la patria si el sentido de la responsabilidad se desvanece? Todas las relaciones en ausencia de amor vuelven redes que cautivan lastimosamente la individualidad de hombre a escapar. \u00abVete (hacia el pr\u00f3jimo) y haz t\u00fa lo mismo (que el buen samaritano)\u00bb, dijo el Se\u00f1or al legista. El pr\u00f3jimo es aquel hacia quien me dirijo. Cada hombre que se encuentra en mi ruta es mi pr\u00f3jimo: o me dirijo hacia \u00e9l con misericordia o lo ignoro y as\u00ed lastimo la proximidad.<\/p>\n<p style=\"text-align: justify;\">Las garant\u00edas de la vida no se consiguen ignorando al pr\u00f3jimo sino sirvi\u00e9ndolo, porque la garant\u00eda est\u00e1 en Dios y no en el hombre. No hay comuni\u00f3n con Dios sin el amor al pr\u00f3jimo. No hay comuni\u00f3n con Dios en un coraz\u00f3n que no se apiada.<\/p>\n<p style=\"text-align: justify;\">La familia, la raza y la patria son relaciones establecidas que ayudan pero lo que crea a una \u00abpr\u00f3jimo\u00bb es el <em>salir <\/em>hacia \u00e9l con misericordia.<\/p>\n<p style=\"text-align: justify;\">\u00abVete (salte) y haz t\u00fa lo mismo\u00bb.<\/p>\n<h3 style=\"text-align: justify;\"><span style=\"color: #ff0000;\">Nuestra Fe y Tradici\u00f3n<\/span><\/h3>\n<h4 style=\"text-align: justify;\">\u201cLo Santo para los Santos\u201d<\/h4>\n<p style=\"text-align: justify;\">El sacerdote, con mucha reverencia, eleva con ambas manos el cordero, que es el Cuerpo de Cristo, y exclama: \u201cLo Santo para los<em><a href=\"http:\/\/www.iglesiaortodoxa.org.mx\/informacion\/wp-content\/uploads\/\/Patene-byzantine.jpg\" data-rel=\"lightbox-image-1\" data-rl_title=\"\" data-rl_caption=\"\"><img loading=\"lazy\" class=\"alignright  wp-image-7424\" style=\"border: 0px; margin: 8px;\" title=\"\" src=\"http:\/\/www.iglesiaortodoxa.org.mx\/informacion\/wp-content\/uploads\/\/Patene-byzantine.jpg\" alt=\"\" width=\"161\" height=\"121\" srcset=\"https:\/\/iglesiaortodoxa.org.mx\/informacion\/wp-content\/uploads\/Patene-byzantine.jpg 640w, https:\/\/iglesiaortodoxa.org.mx\/informacion\/wp-content\/uploads\/Patene-byzantine-300x225.jpg 300w\" sizes=\"(max-width: 161px) 100vw, 161px\" \/><\/a><\/em> santos.\u201d \u201cLo Santo\u201d, Cristo, quien es la fuente de toda santidad, es ofrecido para \u201clos santos\u201d es decir, para los que tienen la santidad como el objeto de su vida: \u201cser\u00e9is santos- dice el Se\u00f1or- porque Santo soy yo.\u201d (1Pe 1:16)<\/p>\n<p style=\"text-align: justify;\">San Pablo, en sus cartas, se dirig\u00eda hacia lo cristianos con dicho calificativo, p.e.\u201ca todos los santos que est\u00e1n en Filipos&#8230;\u201d (Flp 1:1) ya que la santidad era el nuevo sentido de su vida en Cristo. Pues la santidad no es s\u00f3lo las buenas obras que hacemos, ya que \u00e9stas son frutos de la vida en Cristo (como una vasija de perfume que huele seg\u00fan lo que tiene); la santidad no es fruto adquirido por un solo esfuerzo humano, sino que principalmente es don de Dios. Por eso el pueblo contesta a la invitaci\u00f3n del sacerdote con la confesi\u00f3n: \u201cUn solo Santo, un solo Se\u00f1or, Jesucristo&#8230;\u201d, pues \u00c9l es el \u00fanico Sol y nosotros, conforme a la pureza de nuestra vida, reflejamos la Luz de su Santidad.<\/p>\n<p style=\"text-align: justify;\">\u201cLo Santo para los santos.\u201d<\/p>\n<p style=\"text-align: justify;\">De nuestra parte, ofrecemos todo el esfuerzo: arrepentimiento, reconciliaci\u00f3n, amor y virtud y, al mismo tiempo, confesamos nuestras debilidades y as\u00ed nos acercamos con temor, no como quien menosprecia los temibles Misterios, sino como enfermos que buscan al m\u00e9dico y la medicina: \u201cQue mi participaci\u00f3n no me sea causa de condenaci\u00f3n sino santificaci\u00f3n del cuerpo y del alma.\u201d<\/p>\n<h3 style=\"text-align: justify;\"><span style=\"color: #ff0000;\">Vida de Santos<\/span><\/h3>\n<h4 style=\"text-align: justify;\">San Juan Cris\u00f3stomo<\/h4>\n<blockquote><p>13 de noviembre<\/p><\/blockquote>\n<p style=\"text-align: justify;\"><a href=\"http:\/\/www.iglesiaortodoxa.org.mx\/informacion\/wp-content\/uploads\/\/Icono-griego.jpg\" data-rel=\"lightbox-image-2\" data-rl_title=\"\" data-rl_caption=\"\"><img loading=\"lazy\" class=\"alignleft  wp-image-7423\" style=\"border: 0px; margin: 8px;\" title=\"\" src=\"http:\/\/www.iglesiaortodoxa.org.mx\/informacion\/wp-content\/uploads\/\/Icono-griego.jpg\" alt=\"\" width=\"162\" height=\"225\" srcset=\"https:\/\/iglesiaortodoxa.org.mx\/informacion\/wp-content\/uploads\/Icono-griego.jpg 300w, https:\/\/iglesiaortodoxa.org.mx\/informacion\/wp-content\/uploads\/Icono-griego-216x300.jpg 216w\" sizes=\"(max-width: 162px) 100vw, 162px\" \/><\/a>El m\u00e1s grande y amado entre todos los oradores cristianos, San Juan Cris\u00f3stomo, naci\u00f3 en Antioquia la Grande entre los a\u00f1os 344-347; proven\u00eda de una noble familia, sus padres fueron Secundo, funcionario civil en la administraci\u00f3n militar de Siria, quien muere poco tiempo despu\u00e9s del nacimiento de Juan; y Anthusa, una excelente mujer y una cristiana ejemplar, viuda a la edad de veinte a\u00f1os, quien se hizo cargo de la educaci\u00f3n piadosa y esmerada de su hijo, as\u00ed como de su primera hija. Juan recibi\u00f3 su ense\u00f1anza literaria del fil\u00f3sofo Anthragathius y de Livanio, el sofista, quien fuera el m\u00e1s grande maestro de la escuela ret\u00f3rica griega en aquel tiempo. Livanio era pagano, y cuando le preguntaron antes de su muerte a quien consideraba su mejor sucesor, contest\u00f3: \u201cPor supuesto a Juan, si los cristianos no lo hubiesen separado de nosotros,\u201d y sobre la madre de Juan opin\u00f3: \u201c\u00a1Qu\u00e9 dignas mujeres tienen los cristianos!\u201d<\/p>\n<p style=\"text-align: justify;\">Despu\u00e9s de terminar sus estudios, Juan ocup\u00f3 el puesto de abogado y se hizo muy famoso por su elocuencia. Pero muy pronto la vida mundana lo aburri\u00f3. Al recibir el bautismo a la edad adulta, seg\u00fan las costumbres de aquellos tiempos, quiso alejarse al desierto, pero se qued\u00f3 en la ciudad por petici\u00f3n de su madre.<\/p>\n<p style=\"text-align: justify;\">Mientras tanto el obispo de Antioquia, Meletio, se enter\u00f3 de su extraordinaria inteligencia y lo orden\u00f3 lector en el a\u00f1o 370. En este tiempo Juan estaba estudiando las Sagradas Escrituras y otras ciencias relacionadas con la teolog\u00eda.<\/p>\n<p style=\"text-align: justify;\">Al fallecer su madre, pudo cumplir su m\u00e1s gran deseo. Del a\u00f1o 374 al 381 vivi\u00f3 vida mon\u00e1stica en una ermita cerca de Antioqu\u00eda; su extremo ascetismo min\u00f3 su salud oblig\u00e1ndolo a regresar a Antioqu\u00eda, donde San Meletio lo orden\u00f3 di\u00e1cono en el a\u00f1o 381.<\/p>\n<p style=\"text-align: justify;\">San Meletio fue llamado a Constantinopla para presidir el Segundo Concilio Ecum\u00e9nico durante el cual se durmi\u00f3 en el Se\u00f1or. En el a\u00f1o 386 el obispo Flaviano ordena a Juan presb\u00edtero de la Iglesia de Antioqu\u00eda. Los doce a\u00f1os de su servicio en Antioquia fueron los a\u00f1os m\u00e1s felices de su vida. Predicaba sin parar y participaba de manera muy activa en las alegr\u00edas y tristezas de sus parroquianos. Muchas veces sus sermones eran interrumpidos por fuertes aplausos. Juan calmaba al p\u00fablico diciendo: \u201c\u00bfPara qu\u00e9 me sirven sus aplausos? Arrepentimiento y conversi\u00f3n de vida hacia Dios, son los mejores elogios para m\u00ed de parte de ustedes.\u201d Especialmente Juan se hizo famoso por sus palabras referidas a las desgracias que amenazaban a la gente de Antioquia por derrumbar las estatuas de los emperadores. Muy pronto, en todo el mundo cristiano Juan se hizo famoso como \u201cEl Cris\u00f3stomo\u201d (Boca de oro) (este nombre le fue dado por su gran elocuencia). Dada su fama, fue elegido por el pueblo como sucesor de San Nectario \u2013quien a su vez hab\u00eda sucedido a San Gregorio el Te\u00f3logo-; y fue consagrado obispo de Constantinopla el 28 de febrero de 398 por Te\u00f3filo, Patriarca de Alejandr\u00eda.<\/p>\n<p style=\"text-align: justify;\">Los primeros tiempos de su patriarcado fueron muy agradables para Juan: empez\u00f3 a luchar con todas sus fuerzas contra lo que quedaba del arrianismo, por establecer la paz entre algunos obispos que estaban en conflicto y por corregir al clero y a los parroquianos. Pero esta en\u00e9rgica actividad le trajo muchos enemigos, la m\u00e1s importante de entre ellos, la emperatriz Eudoxia, quien encabezaba la lucha contra Juan. Eudoxia era una mujer fr\u00edvola y ambiciosa, hab\u00eda atra\u00eddo a su grupo al arzobispo Te\u00f3filo y junto con \u00e9l se unieron los obispos descontentos con Juan. Estos obispos organizaron un concilio en una ciudad cerca de Calcedonia llamada la Encina en agosto del 403 y condenaron a Juan a dejar la c\u00e1tedra y al exilio en el Ponto.<\/p>\n<p style=\"text-align: justify;\">\u201cLa iglesia de Cristo no comenz\u00f3 conmigo ni terminar\u00e1 conmigo\u201d \u2014 les dijo Juan a los fieles y dej\u00f3 la capital. Pero la misma noche hubo un terrible terremoto y sus golpes m\u00e1s fuertes se escucharon en el palacio. Asustada Eudoxia mand\u00f3 pedir al Cris\u00f3stomo que regresar\u00e1 a la ciudad. Pronto el ambiente de reconciliaci\u00f3n se transform\u00f3 en nuevos enfrentamientos con Eudoxia. Pasaron dos meses y Eudoxia se entreg\u00f3 nuevamente a sus pasiones y vicios. En la fiesta de San Juan Bautista, el Cris\u00f3stomo inici\u00f3 su serm\u00f3n con estas palabras: \u201cYa se enfurece nuevamente Herod\u00edas, nuevamente se conmueve, baila de nuevo y nuevamente pide en una bandeja la cabeza de Juan\u201d. Sus adversarios consideraron estas palabras como una alusi\u00f3n a Eudoxia. Esta vez Juan fue condenado por rebeld\u00eda y fue enviado al exilio a Cucusa en el a\u00f1o 404, en la frontera de Cilicia y Armenia, adonde durante tres a\u00f1os acud\u00edan desde Antioqu\u00eda muchos de sus antiguos fieles, por lo que sus enemigos decidieron desterrarlo a Pitio, lugar inh\u00f3spito cerca del C\u00e1ucaso.<\/p>\n<p style=\"text-align: justify;\">El arduo viaje de 3 meses estuvo lleno de contrariedades y sufrimientos; los rudos guerreros llevaban al Santo caminando a trav\u00e9s de las monta\u00f1as con calor y lluvia torrencial. El Santo no alcanz\u00f3 a llegar a Pitio; entreg\u00f3 su alma al Se\u00f1or cerca de Comana, en el Ponto, en la capilla del M\u00e1rtir Basilisco, donde durante la noche, tuvo la visi\u00f3n del Santo M\u00e1rtir, quien le dijo: \u201cNo te entristezcas, hermano, ma\u00f1ana estaremos juntos.\u201d Al d\u00eda siguiente, por la ma\u00f1ana, despu\u00e9s de comulgar los Santos Dones, y de pronunciar las palabras: \u201c\u00a1Gloria a Dios por todo!\u201d San Juan falleci\u00f3 en paz el 14 de septiembre de 407.<\/p>\n<p style=\"text-align: justify;\">Sus santas reliquias fueron trasladadas a Constantinopla 31 a\u00f1os despu\u00e9s por el Emperador Teodosio el Joven y Santa Pulqueria. Los hijos de Arcadio y Eudoxia con fervientes suplicas pidieron perd\u00f3n por los pecados de sus padres; el retorno de estas santas reliquias es celebrado el 27 de enero. El Cris\u00f3stomo hizo exhaustivos comentarios sobre las Sagradas Escrituras y es el autor con m\u00e1s n\u00famero de obras entre los Padres de la Iglesia. Nos dej\u00f3 comentarios sobre todo el libro del G\u00e9nesis, los Evangelios de San Mateo y San Juan, Hechos de los Ap\u00f3stoles y sobre todas las ep\u00edstolas de San Pablo; 1447 sermones y 240 ep\u00edstolas. Junto con esta conmemoraci\u00f3n y la del 27 de enero, se le conmemora con los jerarcas de la Iglesia Basilio el Grande y Gregorio el Te\u00f3logo el 30 de enero.<\/p>\n","protected":false},"excerpt":{"rendered":"<p>8\u00b0 Domingo de Lucas \u00a0 Venid a reuniros con los disc\u00edpulos en el monte de Galilea para que ve\u00e1is a Cristo, diciendo con fe: He recibido el poder de lo que est\u00e1 arriba y lo que esta abajo. Aprendamos como ense\u00f1a a bautizar a todas las naciones en el nombre del Padre, del Hijo y [&hellip;]<\/p>\n","protected":false},"author":13,"featured_media":0,"comment_status":"closed","ping_status":"closed","sticky":false,"template":"","format":"standard","meta":{"_bbp_topic_count":0,"_bbp_reply_count":0,"_bbp_total_topic_count":0,"_bbp_total_reply_count":0,"_bbp_voice_count":0,"_bbp_anonymous_reply_count":0,"_bbp_topic_count_hidden":0,"_bbp_reply_count_hidden":0,"_bbp_forum_subforum_count":0},"categories":[46],"tags":[],"_links":{"self":[{"href":"https:\/\/iglesiaortodoxa.org.mx\/informacion\/wp-json\/wp\/v2\/posts\/7409"}],"collection":[{"href":"https:\/\/iglesiaortodoxa.org.mx\/informacion\/wp-json\/wp\/v2\/posts"}],"about":[{"href":"https:\/\/iglesiaortodoxa.org.mx\/informacion\/wp-json\/wp\/v2\/types\/post"}],"author":[{"embeddable":true,"href":"https:\/\/iglesiaortodoxa.org.mx\/informacion\/wp-json\/wp\/v2\/users\/13"}],"replies":[{"embeddable":true,"href":"https:\/\/iglesiaortodoxa.org.mx\/informacion\/wp-json\/wp\/v2\/comments?post=7409"}],"version-history":[{"count":21,"href":"https:\/\/iglesiaortodoxa.org.mx\/informacion\/wp-json\/wp\/v2\/posts\/7409\/revisions"}],"predecessor-version":[{"id":7736,"href":"https:\/\/iglesiaortodoxa.org.mx\/informacion\/wp-json\/wp\/v2\/posts\/7409\/revisions\/7736"}],"wp:attachment":[{"href":"https:\/\/iglesiaortodoxa.org.mx\/informacion\/wp-json\/wp\/v2\/media?parent=7409"}],"wp:term":[{"taxonomy":"category","embeddable":true,"href":"https:\/\/iglesiaortodoxa.org.mx\/informacion\/wp-json\/wp\/v2\/categories?post=7409"},{"taxonomy":"post_tag","embeddable":true,"href":"https:\/\/iglesiaortodoxa.org.mx\/informacion\/wp-json\/wp\/v2\/tags?post=7409"}],"curies":[{"name":"wp","href":"https:\/\/api.w.org\/{rel}","templated":true}]}}