{"id":7294,"date":"2012-10-26T13:19:58","date_gmt":"2012-10-26T19:19:58","guid":{"rendered":"http:\/\/www.iglesiaortodoxa.org.mx\/informacion\/?p=7294"},"modified":"2013-01-08T13:40:12","modified_gmt":"2013-01-08T19:40:12","slug":"boletin-del-28102012","status":"publish","type":"post","link":"https:\/\/iglesiaortodoxa.org.mx\/informacion\/2012\/10\/boletin-del-28102012\/","title":{"rendered":"Bolet\u00edn del 28\/10\/2012"},"content":{"rendered":"<h2 style=\"text-align: center;\"><span style=\"color: #ff0000;\">7\u00b0 Domingo de Lucas\u00a0<\/span><\/h2>\n<p style=\"text-align: center;\"><a href=\"http:\/\/www.iglesiaortodoxa.org.mx\/informacion\/wp-content\/uploads\/\/Invierea-fiicei-Iair1.jpg\" data-rel=\"lightbox-image-0\" data-rl_title=\"\" data-rl_caption=\"\"><img loading=\"lazy\" class=\"aligncenter  wp-image-7295\" style=\"border: 0px;\" title=\"\" src=\"http:\/\/www.iglesiaortodoxa.org.mx\/informacion\/wp-content\/uploads\/\/Invierea-fiicei-Iair1.jpg\" alt=\"\" width=\"400\" height=\"300\" srcset=\"https:\/\/iglesiaortodoxa.org.mx\/informacion\/wp-content\/uploads\/Invierea-fiicei-Iair1.jpg 500w, https:\/\/iglesiaortodoxa.org.mx\/informacion\/wp-content\/uploads\/Invierea-fiicei-Iair1-300x225.jpg 300w\" sizes=\"(max-width: 400px) 100vw, 400px\" \/><\/a><\/p>\n<blockquote>\n<address>Los hijos de Zebedeo, Pedro, Natanael, Tom\u00e1s<\/address>\n<address>y otros dos, se encontraban pescando en el lago de Tiberiades,<\/address>\n<address>a la orden de Cristo, arrojaron sus redes al lado derecho<\/address>\n<address>pescando en abundancia. Cuando Pedro reconoci\u00f3 a Cristo,<\/address>\n<address>se acerc\u00f3 a \u00c9l nadando, esta fue la tercera aparici\u00f3n del Se\u00f1or<\/address>\n<address>al ense\u00f1arles el pan y el pescado Sobre las brazas.<\/address>\n<address>\u00a0 \u00a0 \u00a0 \u00a0 \u00a0 \u00a0 \u00a0 \u00a0 \u00a0 \u00a0 \u00a0 \u00a0 \u00a0 \u00a0 \u00a0 \u00a0 \u00a0 \u00a0 \u00a0 \u00a0 \u00a0 \u00a0 \u00a0 \u00a0 \u00a0 \u00a0 \u00a0 \u00a0 \u00a0 \u00a0 \u00a0 \u00a0 \u00a0 \u00a0 \u00a0 \u00a0 \u00a0 \u00a0 \u00a0 \u00a0 \u00a0 \u00a0 \u00a0 \u00a0 \u00a0 Exapostelario<\/address>\n<\/blockquote>\n<h3><span style=\"color: #ff0000;\">Himnos de la Liturgia<\/span><\/h3>\n<h3>Tropario de la Resurrecci\u00f3n<\/h3>\n<h3>Tono 4<\/h3>\n<address><a href=\"http:\/\/www.iglesiaortodoxa.org.mx\/informacion\/002-audio\/cantos_liturgia\/Trop.Resurreccion4.mp3\" target=\"_blank\"><img loading=\"lazy\" class=\"alignleft size-full wp-image-7190\" style=\"border: 0px; margin: 4px;\" title=\"audio1\" src=\"http:\/\/www.iglesiaortodoxa.org.mx\/informacion\/wp-content\/uploads\/\/audio131.jpg\" alt=\"\" width=\"43\" height=\"43\" \/><\/a>Las disc\u00edpulas del Se\u00f1or aprendieron del \u00c1ngel<\/address>\n<address>el alegre anuncio de la Resurrecci\u00f3n,<\/address>\n<address>y la sentencia ancestral rechazaron y<\/address>\n<address>se dirigieron con orgullo a los ap\u00f3stoles diciendo:<\/address>\n<address>\u00a1Fue aprisionada la muerte, Resucit\u00f3 Cristo Dios<\/address>\n<address>y concedi\u00f3 al mundo la gran misericordia!<\/address>\n<h4>Condaquio<\/h4>\n<h4>Tono 4<\/h4>\n<address>Oh Protectora de los cristianos indesairable;<\/address>\n<address>Mediadora, ante el Creador, irrechazable:<\/address>\n<address>no desprecies las s\u00faplicas de nosotros, pecadores,<\/address>\n<address>sino acude a auxiliarnos, como bondadosa,<\/address>\n<address>a los que te invocamos con fe.\u00a0<\/address>\n<address>S\u00e9 presta en intervenir y apres\u00farate con la s\u00faplica,<\/address>\n<address>oh Madre de Dios, que siempre proteges a los que te honran.<\/address>\n<h3><span style=\"color: #ff0000;\">Lecturas B\u00edblicas<\/span><\/h3>\n<h4>Carta del Ap\u00f3stol San Pablo a los Efesios (2: 4-10)<\/h4>\n<p style=\"text-align: justify;\">Hermanos: Dios, rico en misericordia, por su gran amor con que nos am\u00f3, aun cuando est\u00e1bamos muertos por los pecados, nos vivific\u00f3 juntamente con Cristo \u2014por la Gracia han sido salvados\u2014 y con \u00c9l nos resucit\u00f3 y nos hizo sentar en los cielos en Cristo Jes\u00fas, a fin de mostrar en los siglos venideros la sobre abundante riqueza de su Gracia, por su bondad para con nosotros en Cristo Jes\u00fas. Pues por la Gracia han sido salvados, mediante la fe; y esto no viene de ustedes,sino que es un don de Dios; no viene de las obras, para que nadie se glor\u00ede. En efecto, hechura suya somos: creados en Cristo Jes\u00fas, en orden a las buenas obras, las cuales Dios dispuso de antemano para que en ellas anduvi\u00e9ramos.<\/p>\n<h4 style=\"text-align: justify;\">Evangelio seg\u00fan San Lucas (8: 41-56)<\/h4>\n<p style=\"text-align: justify;\">En aquel tiempo, lleg\u00f3 un hombre, llamado Jairo, que era jefe de la sinagoga, y cayendo a los pies de Jes\u00fas, le suplicaba que entrase en su casa, porque ten\u00eda una sola hija, de unos\u00a0 doce a\u00f1os, que estaba muri\u00e9ndose. Mientras iba, las gentes lo oprim\u00edan.\u00a0 Entonces, una mujer que padec\u00eda flujo de sangre desde hac\u00eda doce a\u00f1os, y que no hab\u00eda podido ser curada por nadie, se acerc\u00f3 por detr\u00e1s y toc\u00f3 la orla de su manto, y al punto se le par\u00f3 el flujo de sangre. Jes\u00fas dijo: \u00ab\u00bfQui\u00e9n me ha tocado?\u00bb Como todos negaron, dijo Pedro:\u00a0 \u00abMaestro, las gentes se aprietan y te oprimen, y dices: \u201c\u00bfQui\u00e9n me ha tocado?\u201d\u00bb Pero Jes\u00fas respondi\u00f3:\u00a0 \u00abAlguien me ha tocado, porque he\u00a0 percibido que una fuerza ha salido de\u00a0 M\u00ed.\u00bb Vi\u00e9ndose descubierta la mujer,\u00a0 se acerc\u00f3 temblorosa, y postr\u00e1ndose\u00a0 ante \u00c9l, cont\u00f3 delante de todo el\u00a0 pueblo por qu\u00e9 raz\u00f3n le hab\u00eda\u00a0 tocado, y c\u00f3mo al punto hab\u00eda sido\u00a0 curada. \u00c9l le dijo: \u00abHija, tu fe te ha\u00a0 salvado, vete en paz.\u00bb Estaba\u00a0 todav\u00eda hablando, cuando uno de\u00a0 casa del jefe de la sinagoga llega\u00a0 diciendo: \u00abTu hija est\u00e1 muerta. No molestes al Maestro.\u00bb Jes\u00fas, que lo\u00a0 oy\u00f3, le dijo: \u00abNo temas; solamente\u00a0 ten fe y se salvar\u00e1.\u00bb Al llegar a la\u00a0 casa, no permiti\u00f3 entrar con \u00c9l m\u00e1s\u00a0 que a Pedro, Juan y Santiago, al\u00a0 padre y a la madre de la ni\u00f1a. Todos\u00a0 la lloraban y se lamentaban, pero \u00c9l\u00a0 dijo: \u00abNo lloren, no ha muerto; est\u00e1\u00a0 dormida.\u00bb Y se burlaban de \u00c9l, pues\u00a0 sab\u00edan que estaba muerta. \u00c9l,\u00a0 tom\u00e1ndola de la mano, dijo en voz\u00a0 alta: \u00abNi\u00f1a lev\u00e1ntate.\u00bb Retorn\u00f3 el esp\u00edritu a ella, y al punto se levant\u00f3, y\u00a0 \u00c9l mand\u00f3 que le dieran a ella de\u00a0 comer. Sus padres quedaron\u00a0 estupefactos, y \u00c9l les orden\u00f3 que a\u00a0 nadie dijeran lo que hab\u00eda pasado.<\/p>\n<h3 style=\"text-align: justify;\"><span style=\"color: #ff0000;\">Mensaje Pastoral<\/span><\/h3>\n<h4>\u00a0\u00abPor la Gracia hab\u00e9is sido salvados\u00bb<\/h4>\n<p style=\"text-align: justify;\">Esta estrofa que san Pablo frecuentemente enfatiza como en la carta a los Efesios que hemos le\u00eddo hoy, a menudo es<a href=\"http:\/\/www.iglesiaortodoxa.org.mx\/informacion\/wp-content\/uploads\/\/carta-Efesios.jpg\" data-rel=\"lightbox-image-1\" data-rl_title=\"\" data-rl_caption=\"\"><img loading=\"lazy\" class=\"alignright  wp-image-7371\" style=\"border: 0px; margin: 8px;\" title=\"\" src=\"http:\/\/www.iglesiaortodoxa.org.mx\/informacion\/wp-content\/uploads\/\/carta-Efesios.jpg\" alt=\"\" width=\"71\" height=\"107\" srcset=\"https:\/\/iglesiaortodoxa.org.mx\/informacion\/wp-content\/uploads\/carta-Efesios.jpg 212w, https:\/\/iglesiaortodoxa.org.mx\/informacion\/wp-content\/uploads\/carta-Efesios-198x300.jpg 198w\" sizes=\"(max-width: 71px) 100vw, 71px\" \/><\/a> malentendida en cuanto al papel de la fe y de las obras en la Salvaci\u00f3n.<\/p>\n<p style=\"text-align: justify;\">Para una interpretaci\u00f3n sana de la frase \u00abpor la Gracia hab\u00e9is sido salvados\u00bb, la clave consiste en asimilar lo que significan las palabras \u00abGracia\u00bb y \u00absalvaci\u00f3n\u00bb.<\/p>\n<p style=\"text-align: justify;\">Si observamos la \u00abGracia\u00bb como aparece en el vocabulario de san Pablo (m\u00e1s de 60 veces), percataremos de dos conceptos espont\u00e1neos: la gratuidad de la Gracia \u2013de la que la Carta de hoy habla\u2013, y el poder salvador de ella: \u00abTe basta mi Gracia, porque mi fuerza se muestra perfecta en la flaqueza.\u00bb (2 Cor 12: 9). La teolog\u00eda ortodoxa la escribe con \u00abG\u00bb may\u00fascula enfatizando su origen divino: la Gracia no creada no es sino la presencia y operaci\u00f3n del Esp\u00edritu de Dios en la Iglesia y la inefable experiencia divina, de la cual los fieles gustan \u2013de una medida menor o mayor\u2013 cuando tienden las velas de su vida ante el soplo del Esp\u00edritu. San Siluan de Athos lo expres\u00f3 as\u00ed: \u00abOh Santo Esp\u00edritu: eres dulce para mi esp\u00edritu y no tolero describirte; pero el alma conoce tu Presencia: T\u00fa otorgas paz a la mente y ternura al coraz\u00f3n.\u00bb<\/p>\n<p style=\"text-align: justify;\">La salvaci\u00f3n, a su vez, no es un concepto est\u00e1tico que pertenece a la vida venidera. Muchas veces, se piensa err\u00f3neamente que el siglo presente es el espacio donde seguiremos recibiendo golpes hasta que en el venidero seamos salvados y, en consecuencia, que lo \u00fanico que debemos ofrecer en esta vida es fe, una confianza ciega en una salvaci\u00f3n futura. Esta visi\u00f3n es muy lejana a la de san Pablo; porque no se trata de salvar al hombre del mundo que le rodea, sino del \u00abhombre viejo\u00bb (Ef 4: 22). Para aproximarla mejor, la salvaci\u00f3n es identificada con la curaci\u00f3n: la Gracia salvadora penetra en la vida del cristiano y lo va sanando y transformado, d\u00eda tras d\u00eda y con mucha mansedumbre, del hombre viejo al Hombre nuevo, Jesucristo. Entonces la Salvaci\u00f3n no es un concepto est\u00e1tico, m\u00e1s bien, una acci\u00f3n din\u00e1mica que lleva al hombre, a\u00fan en la vida presente, de gloria en gloria.<\/p>\n<p style=\"text-align: justify;\">La Gracia es gratuita y poderosa, y la salvaci\u00f3n es curaci\u00f3n y conversi\u00f3n constante: entonces, \u00bfqu\u00e9 sentido tienen la oraci\u00f3n, el ayuno, la caridad, las obras, si no compran salvaci\u00f3n? \u00abHe aqu\u00ed que estoy a la puerta y llamo; si alguno oye mi voz y me abre la puerta, entrar\u00e9 en su casa y cenar\u00e9 con \u00e9l y \u00e9l conmigo\u00bb (Ap 3: 20). La Gracia es derramada en abundancia, y conforme a las \u00abobras\u00bb \u2013esto es, el modo de vivir que escogemos\u2013 abrir\u00edamos la puerta del coraz\u00f3n a su operaci\u00f3n o la cerrar\u00edamos. \u00abLas buenas obras que Dios dispuso de antemano para que en ellas anduvi\u00e9ramos\u00bb (Ef 2: 10): lucha, obras de caridad, generosidad, castidad\u2026 jam\u00e1s comprar\u00edan justificaci\u00f3n, pero s\u00ed abren el ser a la Gracia divina, otorgada de antemano y gratuitamente; es entonces cuando el hombre inicia en la vida en el Esp\u00edritu Santo, cuyos frutos son: \u00abAmor, alegr\u00eda, paz, paciencia, afabilidad, bondad, fidelidad, mansedumbre y dominio de s\u00ed.\u00bb (Gal 5: 22).<\/p>\n<h3 style=\"text-align: justify;\"><span style=\"color: #ff0000;\">Nuestra Fe y Tradici\u00f3n<\/span><\/h3>\n<h4 style=\"text-align: justify;\">Las Doce Grandes Fiesta de la Iglesia<\/h4>\n<p style=\"text-align: justify;\">El a\u00f1o eclesi\u00e1stico se contiene entre dos grandes conmemoraciones de la Virgen Sant\u00edsima: su Nacimiento y su Dormici\u00f3n:<\/p>\n<p style=\"text-align: justify;\">1.-Septiembre 8: Nacimiento de la Sant\u00edsima Madre de Dios<\/p>\n<p style=\"text-align: justify;\">2.-Septiembre 14: Elevaci\u00f3n de la Santa Cruz<\/p>\n<p style=\"text-align: justify;\">3.-Noviembre 21: Presentaci\u00f3n de la Virgen en el Templo<\/p>\n<p style=\"text-align: justify;\">4.-Diciembre 25: Natividad de Nuestro Se\u00f1or y Salvador Jesucristo<\/p>\n<p style=\"text-align: justify;\">5.-Enero 6: Teofan\u00eda (Bautizo del Se\u00f1or)<\/p>\n<p style=\"text-align: justify;\">6.-Febrero 2: Presentaci\u00f3n de Nuestro Se\u00f1or al Templo<\/p>\n<p style=\"text-align: justify;\">7.-Marzo 25: La Anunciaci\u00f3n<\/p>\n<p style=\"text-align: justify;\">8.-Domingo antes de Pascua: Domingo de las Palmas<\/p>\n<p style=\"text-align: justify;\">9.-Domingo de Pascua: Resurrecci\u00f3n del Se\u00f1or<\/p>\n<p style=\"text-align: justify;\">10.-40 d\u00edas despu\u00e9s de la Pascua: Ascensi\u00f3n de Nuestro Se\u00f1or<\/p>\n<p style=\"text-align: justify;\">11.-Agosto 6: La Transfiguraci\u00f3n<\/p>\n<p style=\"text-align: justify;\">12.-Agosto 15: La Dormici\u00f3n de la Virgen<\/p>\n<h3 style=\"text-align: justify;\"><span style=\"color: #ff0000;\">Vida de Santos<\/span><\/h3>\n<h4>\u00a0San Anastasia la Romana<\/h4>\n<blockquote><p>29 de Octubre<\/p><\/blockquote>\n<p style=\"text-align: justify;\">Santa Anastas\u00eda Romana qued\u00f3 hu\u00e9rfana a los tres a\u00f1os. Se educ\u00f3 en un convento cerca de Roma donde tom\u00f3 los h\u00e1bitos de monja.<a href=\"http:\/\/www.iglesiaortodoxa.org.mx\/informacion\/wp-content\/uploads\/\/20090810121804-anastasia-martyr.jpg\" data-rel=\"lightbox-image-2\" data-rl_title=\"\" data-rl_caption=\"\"><img loading=\"lazy\" class=\"alignright  wp-image-7307\" style=\"border: 0px; margin: 8px;\" title=\"\" src=\"http:\/\/www.iglesiaortodoxa.org.mx\/informacion\/wp-content\/uploads\/\/20090810121804-anastasia-martyr.jpg\" alt=\"\" width=\"86\" height=\"122\" \/><\/a> Cuando reinaba el emperador Diky (249-251) Anastas\u00eda cumpli\u00f3 21 a\u00f1os. Era muy bonita, y muchos romanos conocidos pidieron su mano, pero Anastas\u00eda los rehusaba, prefiriendo quedar como la prometida de Cristo.<\/p>\n<p style=\"text-align: justify;\">En estos tiempos el emperador Diky organiz\u00f3 una brutal lucha contra los cristianos. Los id\u00f3latras la forzaron a salir del convento, la condujeron ante la autoridad de la ciudad. La culpaban de no solo rehusar a hombres conocidos y ricos como prometidos, sino creer en Cristo crucificado y venerarlo como Dios.<\/p>\n<p style=\"text-align: justify;\">El principal militar Prov la oblig\u00f3 a llevar ofrendas a los \u00eddolos, pero Anastas\u00eda neg\u00f3 a dejar a Jesucristo. Entonces la martirizaron cruelmente; le golpearon y arrancaron los dientes. La santa des-sangr\u00e1ndose comenz\u00f3 a quedar extenuada y pidi\u00f3 agua. Alguien llamado Cirilo que estaba viviendo su martirio, se compadeci\u00f3 y le dio de tomar agua. El martirio continu\u00f3, a santa Anastasia le cortaron la lengua, con la cu\u00e1l permanentemente bendec\u00eda a Dios. Cansados los verdugos al final le cortaron la cabeza.<\/p>\n<p style=\"text-align: justify;\">Resolviendo que Cirilo dando de beber agua a la m\u00e1rtir era un cristiano oculto, los verdugos lo tomaron y martirizaron de la misma manera.<\/p>\n<h4 style=\"text-align: justify;\">Proverbios B\u00edblicos<\/h4>\n<ul>\n<li>La justicia del \u00edntegro enderezar\u00e1 su camino, pero el imp\u00edo caer\u00e1 por su propia impiedad. (Prov 11:5)<\/li>\n<li>El que anda en chismes revela secretos, pero el de esp\u00edritu leal oculta las cosas. (Prov 11:13)<\/li>\n<li>Los de coraz\u00f3n perverso son abominaci\u00f3n al SE\u00d1OR, pero los de camino intachable son su deleite. (Prov 11:20)<\/li>\n<\/ul>\n<p>&nbsp;<\/p>\n","protected":false},"excerpt":{"rendered":"<p>7\u00b0 Domingo de Lucas\u00a0 Los hijos de Zebedeo, Pedro, Natanael, Tom\u00e1s y otros dos, se encontraban pescando en el lago de Tiberiades, a la orden de Cristo, arrojaron sus redes al lado derecho pescando en abundancia. Cuando Pedro reconoci\u00f3 a Cristo, se acerc\u00f3 a \u00c9l nadando, esta fue la tercera aparici\u00f3n del Se\u00f1or al ense\u00f1arles [&hellip;]<\/p>\n","protected":false},"author":13,"featured_media":0,"comment_status":"closed","ping_status":"closed","sticky":false,"template":"","format":"standard","meta":{"_bbp_topic_count":0,"_bbp_reply_count":0,"_bbp_total_topic_count":0,"_bbp_total_reply_count":0,"_bbp_voice_count":0,"_bbp_anonymous_reply_count":0,"_bbp_topic_count_hidden":0,"_bbp_reply_count_hidden":0,"_bbp_forum_subforum_count":0},"categories":[46],"tags":[],"_links":{"self":[{"href":"https:\/\/iglesiaortodoxa.org.mx\/informacion\/wp-json\/wp\/v2\/posts\/7294"}],"collection":[{"href":"https:\/\/iglesiaortodoxa.org.mx\/informacion\/wp-json\/wp\/v2\/posts"}],"about":[{"href":"https:\/\/iglesiaortodoxa.org.mx\/informacion\/wp-json\/wp\/v2\/types\/post"}],"author":[{"embeddable":true,"href":"https:\/\/iglesiaortodoxa.org.mx\/informacion\/wp-json\/wp\/v2\/users\/13"}],"replies":[{"embeddable":true,"href":"https:\/\/iglesiaortodoxa.org.mx\/informacion\/wp-json\/wp\/v2\/comments?post=7294"}],"version-history":[{"count":29,"href":"https:\/\/iglesiaortodoxa.org.mx\/informacion\/wp-json\/wp\/v2\/posts\/7294\/revisions"}],"predecessor-version":[{"id":7738,"href":"https:\/\/iglesiaortodoxa.org.mx\/informacion\/wp-json\/wp\/v2\/posts\/7294\/revisions\/7738"}],"wp:attachment":[{"href":"https:\/\/iglesiaortodoxa.org.mx\/informacion\/wp-json\/wp\/v2\/media?parent=7294"}],"wp:term":[{"taxonomy":"category","embeddable":true,"href":"https:\/\/iglesiaortodoxa.org.mx\/informacion\/wp-json\/wp\/v2\/categories?post=7294"},{"taxonomy":"post_tag","embeddable":true,"href":"https:\/\/iglesiaortodoxa.org.mx\/informacion\/wp-json\/wp\/v2\/tags?post=7294"}],"curies":[{"name":"wp","href":"https:\/\/api.w.org\/{rel}","templated":true}]}}