{"id":19371,"date":"2025-10-24T00:00:49","date_gmt":"2025-10-24T06:00:49","guid":{"rendered":"https:\/\/iglesiaortodoxa.org.mx\/informacion\/?p=19371"},"modified":"2025-09-29T18:43:30","modified_gmt":"2025-09-30T00:43:30","slug":"martir-aretas-de-nayran","status":"publish","type":"post","link":"https:\/\/iglesiaortodoxa.org.mx\/informacion\/2025\/10\/martir-aretas-de-nayran\/","title":{"rendered":"M\u00e1rtir Aretas de Nayr\u00e1n"},"content":{"rendered":"<p><img loading=\"lazy\" class=\"alignnone size-medium wp-image-19372 aligncenter\" src=\"http:\/\/iglesiaortodoxa.org.mx\/informacion\/wp-content\/uploads\/\/1024-st.arethas-205x300.jpg\" alt=\"\" width=\"205\" height=\"300\" srcset=\"https:\/\/iglesiaortodoxa.org.mx\/informacion\/wp-content\/uploads\/1024-st.arethas-205x300.jpg 205w, https:\/\/iglesiaortodoxa.org.mx\/informacion\/wp-content\/uploads\/1024-st.arethas-120x175.jpg 120w, https:\/\/iglesiaortodoxa.org.mx\/informacion\/wp-content\/uploads\/1024-st.arethas.jpg 225w\" sizes=\"(max-width: 205px) 100vw, 205px\" \/><\/p>\n<p style=\"text-align: justify;\">El m\u00e1rtir Aretas y con \u00e9l 4299 m\u00e1rtires sufrieron por nuestro Se\u00f1or Jesucristo en el siglo VI.<\/p>\n<p style=\"text-align: justify;\">Aretas era prefecto de la ciudad cristiana de Nayr\u00e1n en Arabia. El rey \u00e1rabe, Dunaan, que era jud\u00edo, decidi\u00f3 eliminar el cristianismo de la tierra. Emiti\u00f3 un edicto que ordenaba la muerte de todos los seguidores de Cristo.<\/p>\n<p style=\"text-align: justify;\">Como los habitantes de Nayr\u00e1n permanecieron fieles al Se\u00f1or, Dunaan lleg\u00f3 con un gran ej\u00e9rcito para destruir la ciudad. En las murallas de la ciudad los heraldos del rey anunciaron que Dunaan solo perdonar\u00eda a quienes renunciaran a Cristo y se refirieron a su Cruz como un &#8220;signo de maldici\u00f3n&#8221;.<\/p>\n<p style=\"text-align: justify;\">Al no atreverse a asaltar la ciudad cristiana por la fuerza, Dunaan recurri\u00f3 a una artima\u00f1a: jur\u00f3 que no obligar\u00eda a los cristianos a convertirse al juda\u00edsmo, sino que simplemente cobrar\u00eda un tributo. Los habitantes de la ciudad no hicieron caso al consejo de san Aretas y, confiando en Dunaan, abrieron las puertas de la ciudad.<\/p>\n<p style=\"text-align: justify;\">Al d\u00eda siguiente, Dunaan dio orden de encender un gran fuego y arrojar a todo el clero de la ciudad para asustar al resto de los cristianos. Quemaron a 427 hombres. Tambi\u00e9n encarcel\u00f3 al prefecto Aretas y a los dem\u00e1s jefes. Luego, el opresor envi\u00f3 a sus mensajeros por la ciudad para convertir a los cristianos al juda\u00edsmo. El propio Dunaan convers\u00f3 con aquellos habitantes sacados de las c\u00e1rceles y les dijo: \u201cNo exijo que renunci\u00e9is al Dios del cielo y de la tierra, ni quiero que ador\u00e9is \u00eddolos, solo quiero que no cre\u00e1is en Jesucristo, ya que el Crucificado era un hombre y no Dios\u201d.<\/p>\n<p style=\"text-align: justify;\">Los santos m\u00e1rtires respondieron que Jes\u00fas es Verbo de Dios, la Segunda Persona de la Sant\u00edsima Trinidad, que para la salvaci\u00f3n de la humanidad se encarn\u00f3 del Esp\u00edritu Santo y de la Virgen Mar\u00eda. Los que sufr\u00edan dec\u00edan: \u201cNo abjuraremos de Cristo, ya que \u00c9l es Vida para nosotros. Morir por \u00c9l es encontrar la Vida\u201d.<\/p>\n<p style=\"text-align: justify;\">M\u00e1s de cuatro mil cristianos, hombres, mujeres, ancianos y ni\u00f1os, de la ciudad de Nayr\u00e1n y de los pueblos de los alrededores sufrieron el martirio por Cristo.<\/p>\n<h4 style=\"text-align: justify;\"><u>Tropario tono 1, del com\u00fan de varios M\u00e1rtires<\/u><\/h4>\n<p style=\"text-align: justify;\">Oh Se\u00f1or, * por los sufrimientos de los santos que han padecido por ti, * ten compasi\u00f3n de nosotros y sana las dolencias de los que te suplicamos, * oh T\u00fa que amas a la humanidad<\/p>\n<p style=\"text-align: center;\"><a href=\"https:\/\/music.youtube.com\/watch?v=iZ-zuL1WlG8&amp;si=v1HDnKuFPNwyVXls\" target=\"_blank\" rel=\"noopener\"><img loading=\"lazy\" class=\"alignnone size-full wp-image-19291\" src=\"http:\/\/iglesiaortodoxa.org.mx\/informacion\/wp-content\/uploads\/\/youtub-1.png\" alt=\"\" width=\"175\" height=\"61\" \/><\/a><\/p>\n","protected":false},"excerpt":{"rendered":"<p>El m\u00e1rtir Aretas y con \u00e9l 4299 m\u00e1rtires sufrieron por nuestro Se\u00f1or Jesucristo en el siglo VI. Aretas era prefecto de la ciudad cristiana de Nayr\u00e1n en Arabia. El rey \u00e1rabe, Dunaan, que era jud\u00edo, decidi\u00f3 eliminar el cristianismo de la tierra. Emiti\u00f3 un edicto que ordenaba la muerte de todos los seguidores de Cristo. [&hellip;]<\/p>\n","protected":false},"author":40,"featured_media":0,"comment_status":"closed","ping_status":"closed","sticky":false,"template":"","format":"standard","meta":{"_bbp_topic_count":0,"_bbp_reply_count":0,"_bbp_total_topic_count":0,"_bbp_total_reply_count":0,"_bbp_voice_count":0,"_bbp_anonymous_reply_count":0,"_bbp_topic_count_hidden":0,"_bbp_reply_count_hidden":0,"_bbp_forum_subforum_count":0},"categories":[99,16],"tags":[],"_links":{"self":[{"href":"https:\/\/iglesiaortodoxa.org.mx\/informacion\/wp-json\/wp\/v2\/posts\/19371"}],"collection":[{"href":"https:\/\/iglesiaortodoxa.org.mx\/informacion\/wp-json\/wp\/v2\/posts"}],"about":[{"href":"https:\/\/iglesiaortodoxa.org.mx\/informacion\/wp-json\/wp\/v2\/types\/post"}],"author":[{"embeddable":true,"href":"https:\/\/iglesiaortodoxa.org.mx\/informacion\/wp-json\/wp\/v2\/users\/40"}],"replies":[{"embeddable":true,"href":"https:\/\/iglesiaortodoxa.org.mx\/informacion\/wp-json\/wp\/v2\/comments?post=19371"}],"version-history":[{"count":3,"href":"https:\/\/iglesiaortodoxa.org.mx\/informacion\/wp-json\/wp\/v2\/posts\/19371\/revisions"}],"predecessor-version":[{"id":21193,"href":"https:\/\/iglesiaortodoxa.org.mx\/informacion\/wp-json\/wp\/v2\/posts\/19371\/revisions\/21193"}],"wp:attachment":[{"href":"https:\/\/iglesiaortodoxa.org.mx\/informacion\/wp-json\/wp\/v2\/media?parent=19371"}],"wp:term":[{"taxonomy":"category","embeddable":true,"href":"https:\/\/iglesiaortodoxa.org.mx\/informacion\/wp-json\/wp\/v2\/categories?post=19371"},{"taxonomy":"post_tag","embeddable":true,"href":"https:\/\/iglesiaortodoxa.org.mx\/informacion\/wp-json\/wp\/v2\/tags?post=19371"}],"curies":[{"name":"wp","href":"https:\/\/api.w.org\/{rel}","templated":true}]}}