{"id":19364,"date":"2025-10-22T00:00:25","date_gmt":"2025-10-22T06:00:25","guid":{"rendered":"https:\/\/iglesiaortodoxa.org.mx\/informacion\/?p=19364"},"modified":"2025-09-29T18:35:08","modified_gmt":"2025-09-30T00:35:08","slug":"santo-igual-a-los-apostoles-albercio-obispo-de-hierapolis-los-siete-jovenes-de-efeso-martires","status":"publish","type":"post","link":"https:\/\/iglesiaortodoxa.org.mx\/informacion\/2025\/10\/santo-igual-a-los-apostoles-albercio-obispo-de-hierapolis-los-siete-jovenes-de-efeso-martires\/","title":{"rendered":"Santo Igual a los Ap\u00f3stoles Albercio, obispo de Hier\u00e1polis; Los siete j\u00f3venes de \u00c9feso (m\u00e1rtires)."},"content":{"rendered":"<p><img loading=\"lazy\" class=\"alignnone size-medium wp-image-19365 aligncenter\" src=\"http:\/\/iglesiaortodoxa.org.mx\/informacion\/wp-content\/uploads\/\/albercio-214x300.png\" alt=\"\" width=\"214\" height=\"300\" srcset=\"https:\/\/iglesiaortodoxa.org.mx\/informacion\/wp-content\/uploads\/albercio-214x300.png 214w, https:\/\/iglesiaortodoxa.org.mx\/informacion\/wp-content\/uploads\/albercio-125x175.png 125w, https:\/\/iglesiaortodoxa.org.mx\/informacion\/wp-content\/uploads\/albercio.png 250w\" sizes=\"(max-width: 214px) 100vw, 214px\" \/><\/p>\n<p style=\"text-align: justify;\">San Abercio, obispo de Hier\u00e1polis en Frigia en tiempos de Marco Aurelio, fue bendecido con la gracia de hacer milagros y del celo apost\u00f3lico.<\/p>\n<p style=\"text-align: justify;\">En una celebraci\u00f3n en honor de Apolo, san Abercio fue instruido por revelaci\u00f3n divina a destruir los \u00eddolos. Durante la noche ingres\u00f3 al templo de Apolo y dio vueltas todas las estatuas de \u00eddolos que se encontraban all\u00ed. Al iniciarse el bullicio la ma\u00f1ana siguiente, Abercio desafi\u00f3 a la multitud diciendo que los dioses tal vez se emborracharon durante la noche despu\u00e9s de haber recibido las ofrendas de sus fieles. Una multitud de enfurecidos hombres se abalanz\u00f3 sobre \u00e9l pero san Abercio, orando, expuls\u00f3 los demonios de tres de los j\u00f3venes que incitaban a la multitud. As\u00ed, el pueblo al ver el milagro acept\u00f3 a Cristo y se convirtieron todos.<\/p>\n<p style=\"text-align: justify;\">San Abercio durmi\u00f3 en paz en el a\u00f1o 167 (o de acuerdo a otros en el 186) luego de trabajar incansablemente por el reba\u00f1o que le hab\u00eda sido confiado.<\/p>\n<h4 style=\"text-align: justify;\"><u>Tropario tono 4, del com\u00fan de santos Jerarcas<\/u><\/h4>\n<p style=\"text-align: justify;\">La verdad de tus obras * te ha mostrado a tu reba\u00f1o * cual regla de fe, icono de mansedumbre * y maestro de abstinencia. * As\u00ed que alcanzaste, por la humildad, alturas * y por la pobreza, riquezas. * \u00a1Oh santo Padre Abercio, intercede ante Cristo Dios, * para que salve nuestras almas!<\/p>\n<p style=\"text-align: center;\"><a href=\"https:\/\/music.youtube.com\/watch?v=ds359YcuhBM&amp;si=MWmV2NLOA1QCWi95\" target=\"_blank\" rel=\"noopener\"><img loading=\"lazy\" class=\"alignnone size-full wp-image-19291\" src=\"http:\/\/iglesiaortodoxa.org.mx\/informacion\/wp-content\/uploads\/\/youtub-1.png\" alt=\"\" width=\"175\" height=\"61\" \/><\/a><\/p>\n<h3>Los siete j\u00f3venes durmientes de \u00c9feso<\/h3>\n<p><img loading=\"lazy\" class=\"alignnone size-full wp-image-19366 aligncenter\" src=\"http:\/\/iglesiaortodoxa.org.mx\/informacion\/wp-content\/uploads\/\/siete-durmientes.jpg\" alt=\"\" width=\"191\" height=\"264\" srcset=\"https:\/\/iglesiaortodoxa.org.mx\/informacion\/wp-content\/uploads\/siete-durmientes.jpg 191w, https:\/\/iglesiaortodoxa.org.mx\/informacion\/wp-content\/uploads\/siete-durmientes-127x175.jpg 127w\" sizes=\"(max-width: 191px) 100vw, 191px\" \/><\/p>\n<p style=\"text-align: justify;\">Los siete j\u00f3venes de \u00c9feso: Maximiliano, J\u00e1mblico, Martiniano, Juan, Dionisio, Exacustodiano (Constantino) y Antonino, vivieron en el siglo III. San Maximiliano era hijo del administrador de la ciudad de \u00c9feso, y los otros seis j\u00f3venes eran hijos de ilustres ciudadanos de \u00c9feso. Los j\u00f3venes eran amigos desde la infancia y todos estaban en el servicio militar juntos.<\/p>\n<p style=\"text-align: justify;\">Cuando el emperador Decio (249-251) lleg\u00f3 a \u00c9feso, orden\u00f3 a todos los ciudadanos que ofrecieran sacrificios a los dioses paganos. La tortura y la muerte esperaban a quien desobedeciera. Los siete j\u00f3venes fueron denunciados por informantes y convocados para responder a las acusaciones. Al presentarse ante el emperador, los j\u00f3venes confesaron su fe en Cristo.<\/p>\n<p style=\"text-align: justify;\">Sus cinturones militares y sus insignias les fueron r\u00e1pidamente quitados. Sin embargo, Decio les permiti\u00f3 irse en libertad, con la esperanza de que cambiaran de opini\u00f3n mientras \u00e9l estaba en una campa\u00f1a militar. Los j\u00f3venes huyeron de la ciudad y se escondieron en una cueva en el monte Oclon, donde pasaron el tiempo en oraci\u00f3n, prepar\u00e1ndose para el martirio.<\/p>\n<p style=\"text-align: justify;\">El m\u00e1s joven de ellos, ,san J\u00e1mblico, se visti\u00f3 de mendigo y fue a la ciudad a comprar pan. En una de sus excursiones a la ciudad, se enter\u00f3 de que el emperador hab\u00eda regresado y los estaba buscando. San Maximiliano inst\u00f3 a sus compa\u00f1eros a salir de la cueva y presentarse a juicio.<\/p>\n<p style=\"text-align: justify;\">Al enterarse de d\u00f3nde estaban escondidos los j\u00f3venes, el emperador orden\u00f3 que la entrada de la cueva se sellara con piedras para que los santos perecieran de hambre y sed. Dos de los dignatarios que estaban en la entrada bloqueada de la cueva eran cristianos secretos. Deseando preservar la memoria de los santos, colocaron en la cueva un recipiente sellado que conten\u00eda dos placas de metal. En ellas estaban inscritos los nombres de los siete j\u00f3venes y los detalles de su sufrimiento y muerte.<\/p>\n<p style=\"text-align: justify;\">El Se\u00f1or hizo que los j\u00f3venes cayeran en un sue\u00f1o milagroso que dur\u00f3 casi dos siglos. Mientras tanto, las persecuciones contra los cristianos cesaron.<\/p>\n<p style=\"text-align: justify;\">Durante el reinado del santo emperador Teodosio el Joven (408-450) hubo herejes que negaban que habr\u00eda una resurrecci\u00f3n general de los muertos en la Segunda Venida de nuestro Se\u00f1or Jesucristo. Algunos de ellos dec\u00edan: \u201c\u00bfC\u00f3mo puede haber una resurrecci\u00f3n de los muertos cuando no habr\u00e1 ni alma ni cuerpo, ya que est\u00e1n desintegrados?\u201d Otros afirmaban: \u201cS\u00f3lo las almas tendr\u00e1n una restauraci\u00f3n, ya que ser\u00eda imposible que los cuerpos se levantaran y vivieran despu\u00e9s de mil a\u00f1os, cuando ni siquiera su polvo permanecer\u00eda\u201d. Por eso, el Se\u00f1or revel\u00f3 el misterio de la Resurrecci\u00f3n de los Muertos y de la vida futura a trav\u00e9s de Sus siete santos.<\/p>\n<p style=\"text-align: justify;\">El due\u00f1o del terreno en el que se encontraba el Monte Oclon descubri\u00f3 la construcci\u00f3n de piedra y sus trabajadores abrieron la entrada de la cueva. El Se\u00f1or hab\u00eda mantenido con vida a los j\u00f3venes, y ellos despertaron de su sue\u00f1o, sin saber que hab\u00edan pasado casi doscientos a\u00f1os. Sus cuerpos y ropas estaban completamente intactos.<\/p>\n<p style=\"text-align: justify;\">Los j\u00f3venes, dispuestos a aceptar la tortura, pidieron de nuevo a san J\u00e1mblico que les comprase pan en la ciudad. Al dirigirse a la ciudad, el joven se asombr\u00f3 al ver una cruz en las puertas. Al o\u00edr pronunciar libremente el nombre del Se\u00f1or Jesucristo, empez\u00f3 a dudar de que se estuviera acercando a su propia ciudad.<\/p>\n<p style=\"text-align: justify;\">Cuando pag\u00f3 el pan, J\u00e1mblico le dio al mercader monedas con la imagen del emperador Decio. Lo detuvieron como alguien que podr\u00eda estar ocultando un mont\u00f3n de dinero antiguo. Llevaron a san J\u00e1mblico ante el administrador de la ciudad, que tambi\u00e9n era el obispo de \u00c9feso. Al o\u00edr las desconcertantes respuestas del joven, el obispo percibi\u00f3 que Dios estaba revelando alg\u00fan tipo de misterio a trav\u00e9s de \u00e9l y fue con otras personas a la cueva.<\/p>\n<p style=\"text-align: justify;\">A la entrada de la cueva, el obispo encontr\u00f3 el recipiente sellado y lo abri\u00f3. Ley\u00f3 en las placas de metal los nombres de los siete j\u00f3venes y los detalles del sellado de la cueva por orden del emperador Decio. Al entrar en la cueva y ver a los santos vivos, todos se alegraron y percibieron que el Se\u00f1or, al despertarlos de su largo sue\u00f1o, estaba demostrando a la Iglesia el misterio de la Resurrecci\u00f3n de los Muertos.<\/p>\n<p style=\"text-align: justify;\">Pronto el propio emperador lleg\u00f3 a \u00c9feso y habl\u00f3 con los j\u00f3venes en la cueva. Entonces los santos j\u00f3venes, a la vista de todos, pusieron sus cabezas en el suelo y se durmieron nuevamente, esta vez hasta la Resurrecci\u00f3n General.<\/p>\n<p style=\"text-align: justify;\">El emperador quer\u00eda colocar a cada uno de los j\u00f3venes en un ata\u00fad adornado con joyas, pero se le aparecieron en un sue\u00f1o y le dijeron que sus cuerpos deb\u00edan quedar en el suelo de la cueva.<\/p>\n<p style=\"text-align: justify;\">Estos santos m\u00e1rtires son conmemorados el 4 de agosto, en que seg\u00fan el typikon griego se durmieron la primera vez y se despertaron en esta fecha 22 de octubre.<\/p>\n<h4 style=\"text-align: justify;\"><u>Tropario tono 4, del com\u00fan de M\u00e1rtires<\/u><\/h4>\n<p style=\"text-align: justify;\">Tus m\u00e1rtires, oh Se\u00f1or, * han obtenido de ti * coronas de incorrupci\u00f3n * en su lucha, Dios nuestro. * Al tener, pues, tu fuerza, * han vencido a tiranos * y aplastado de los demonios * su abatida insolencia. * Por sus intercesiones, oh Cristo Dios, * salva nuestras almas.<\/p>\n<p style=\"text-align: center;\"><a href=\"https:\/\/music.youtube.com\/watch?v=7xLtA5gdqP0&amp;si=Jo52SCyH2x-NFkId\" target=\"_blank\" rel=\"noopener\"><img loading=\"lazy\" class=\"alignnone size-full wp-image-19291\" src=\"http:\/\/iglesiaortodoxa.org.mx\/informacion\/wp-content\/uploads\/\/youtub-1.png\" alt=\"\" width=\"175\" height=\"61\" \/><\/a><\/p>\n","protected":false},"excerpt":{"rendered":"<p>San Abercio, obispo de Hier\u00e1polis en Frigia en tiempos de Marco Aurelio, fue bendecido con la gracia de hacer milagros y del celo apost\u00f3lico. En una celebraci\u00f3n en honor de Apolo, san Abercio fue instruido por revelaci\u00f3n divina a destruir los \u00eddolos. Durante la noche ingres\u00f3 al templo de Apolo y dio vueltas todas las [&hellip;]<\/p>\n","protected":false},"author":40,"featured_media":0,"comment_status":"closed","ping_status":"closed","sticky":false,"template":"","format":"standard","meta":{"_bbp_topic_count":0,"_bbp_reply_count":0,"_bbp_total_topic_count":0,"_bbp_total_reply_count":0,"_bbp_voice_count":0,"_bbp_anonymous_reply_count":0,"_bbp_topic_count_hidden":0,"_bbp_reply_count_hidden":0,"_bbp_forum_subforum_count":0},"categories":[99,16],"tags":[],"_links":{"self":[{"href":"https:\/\/iglesiaortodoxa.org.mx\/informacion\/wp-json\/wp\/v2\/posts\/19364"}],"collection":[{"href":"https:\/\/iglesiaortodoxa.org.mx\/informacion\/wp-json\/wp\/v2\/posts"}],"about":[{"href":"https:\/\/iglesiaortodoxa.org.mx\/informacion\/wp-json\/wp\/v2\/types\/post"}],"author":[{"embeddable":true,"href":"https:\/\/iglesiaortodoxa.org.mx\/informacion\/wp-json\/wp\/v2\/users\/40"}],"replies":[{"embeddable":true,"href":"https:\/\/iglesiaortodoxa.org.mx\/informacion\/wp-json\/wp\/v2\/comments?post=19364"}],"version-history":[{"count":3,"href":"https:\/\/iglesiaortodoxa.org.mx\/informacion\/wp-json\/wp\/v2\/posts\/19364\/revisions"}],"predecessor-version":[{"id":21189,"href":"https:\/\/iglesiaortodoxa.org.mx\/informacion\/wp-json\/wp\/v2\/posts\/19364\/revisions\/21189"}],"wp:attachment":[{"href":"https:\/\/iglesiaortodoxa.org.mx\/informacion\/wp-json\/wp\/v2\/media?parent=19364"}],"wp:term":[{"taxonomy":"category","embeddable":true,"href":"https:\/\/iglesiaortodoxa.org.mx\/informacion\/wp-json\/wp\/v2\/categories?post=19364"},{"taxonomy":"post_tag","embeddable":true,"href":"https:\/\/iglesiaortodoxa.org.mx\/informacion\/wp-json\/wp\/v2\/tags?post=19364"}],"curies":[{"name":"wp","href":"https:\/\/api.w.org\/{rel}","templated":true}]}}