{"id":19357,"date":"2025-10-20T00:00:11","date_gmt":"2025-10-20T06:00:11","guid":{"rendered":"https:\/\/iglesiaortodoxa.org.mx\/informacion\/?p=19357"},"modified":"2025-09-29T18:23:55","modified_gmt":"2025-09-30T00:23:55","slug":"gran-martir-artemio-en-antioquia-gerasimo-nuevo-asceta-en-la-isla-de-cefalonia-justo","status":"publish","type":"post","link":"https:\/\/iglesiaortodoxa.org.mx\/informacion\/2025\/10\/gran-martir-artemio-en-antioquia-gerasimo-nuevo-asceta-en-la-isla-de-cefalonia-justo\/","title":{"rendered":"Gran M\u00e1rtir Artemio en Antioqu\u00eda; Ger\u00e1simo, nuevo asceta en la isla de Cefalonia (justo)"},"content":{"rendered":"<p><img loading=\"lazy\" class=\"wp-image-19359 aligncenter\" src=\"http:\/\/iglesiaortodoxa.org.mx\/informacion\/wp-content\/uploads\/\/artemio-255x300.png\" alt=\"\" width=\"228\" height=\"268\" srcset=\"https:\/\/iglesiaortodoxa.org.mx\/informacion\/wp-content\/uploads\/artemio-255x300.png 255w, https:\/\/iglesiaortodoxa.org.mx\/informacion\/wp-content\/uploads\/artemio-149x175.png 149w, https:\/\/iglesiaortodoxa.org.mx\/informacion\/wp-content\/uploads\/artemio.png 400w\" sizes=\"(max-width: 228px) 100vw, 228px\" \/><\/p>\n<p style=\"text-align: justify;\">Este glorioso santo era egipcio de nacimiento y comandante en jefe del ej\u00e9rcito del emperador Constantino el Grande. Cuando la victoriosa cruz, rodeada de estrellas, apareci\u00f3 al Emperador, Artemio tambi\u00e9n la vio, y viniendo a la fe en Cristo el Se\u00f1or, fue bautizado.<\/p>\n<p style=\"text-align: justify;\">M\u00e1s tarde, en tiempos del emperador Constancio, hijo de Constantino, fue enviado a Grecia para llevar las reliquias de san Andr\u00e9s y san Lucas desde Patra y Tebas, respectivamente, hasta Constantinopla. Artemio llev\u00f3 a cabo esta misi\u00f3n con gozo. Despu\u00e9s de esto, fue nombrado gobernador y representante imperial en Egipto, permaneciendo en este puesto por la duraci\u00f3n del reino de Constancio y por alg\u00fan tiempo bajo Juli\u00e1n el Ap\u00f3stata.<\/p>\n<p style=\"text-align: justify;\">Cuando este Emperador renegado declar\u00f3 la guerra contra los persas, se detuvo por un tiempo en Antioqu\u00eda, y llam\u00f3 a Artemio y a su ej\u00e9rcito para que se unieran con \u00e9l all\u00ed; Artemio acudi\u00f3. Entonces, el Emperador entreg\u00f3 a la tortura a dos sacerdotes cristianos, Eugenio y Macario. Viendo esto, san Artemio se alarm\u00f3 profundamente, y yendo ante el Emperador le dijo: \u00ab\u00bfPor qu\u00e9 torturas tan inhumanamente a estos hombres inocentes y dedicados, y por qu\u00e9 los presionas a rechazar la fe ortodoxa?\u00bb Tambi\u00e9n profetiz\u00f3 al Emperador que su final estaba cerca. El furioso Emperador envi\u00f3 a los dos sacerdotes al exilio en Arabia, donde murieron pronto; y despojando a Artemio de su rango militar, orden\u00f3 que fuese azotado y golpeado. Todo herido y cubierto de sangre, Artemio fue arrojado en prisi\u00f3n, donde el Se\u00f1or Jesucristo mismo se le apareci\u00f3, san\u00e1ndole y consol\u00e1ndole. Despu\u00e9s de esto, el Emperador orden\u00f3 que fuese puesto sobre una roca plana, y que otra roca fuese colocada sobre \u00e9l, aplastando as\u00ed su cuerpo como una tabla. Finalmente fue decapitado en el 362 d. C. Entonces el emperador Juli\u00e1n sali\u00f3 a combatir a los persas y muri\u00f3 de una manera deshonrosa, tal como san Artemio hab\u00eda predicho.<\/p>\n<h4 style=\"text-align: justify;\"><u>Tropario tono 4, del com\u00fan de M\u00e1rtires<\/u><\/h4>\n<p style=\"text-align: justify;\">Tu m\u00e1rtir, oh Se\u00f1or, * ha obtenido de ti * corona de incorrupci\u00f3n * en su lucha, Dios nuestro. * Al tener, pues, tu fuerza, * ha vencido a tiranos * y aplastado de los demonios * su abatida insolencia. * Por sus intercesiones, oh Cristo Dios, * salva nuestras almas.<\/p>\n<p style=\"text-align: center;\"><a href=\"https:\/\/music.youtube.com\/watch?v=7xLtA5gdqP0&amp;si=-qkivnSmMU4_LYeJ\" target=\"_blank\" rel=\"noopener\"><img loading=\"lazy\" class=\"alignnone size-full wp-image-19291\" src=\"http:\/\/iglesiaortodoxa.org.mx\/informacion\/wp-content\/uploads\/\/youtub-1.png\" alt=\"\" width=\"175\" height=\"61\" \/><\/a><\/p>\n<p>&nbsp;<\/p>\n<h3>San Ger\u00e1simo el Nuevo Asceta de Cefalonia<\/h3>\n<p><img loading=\"lazy\" class=\"wp-image-19358 aligncenter\" src=\"http:\/\/iglesiaortodoxa.org.mx\/informacion\/wp-content\/uploads\/\/1020.gerasimus_cephalonia.jpg\" alt=\"\" width=\"207\" height=\"279\" \/><\/p>\n<p style=\"text-align: justify;\">San Ger\u00e1simo, naci\u00f3 en el pueblo de Trikkala, en el Peloponeso. De joven se hizo monje en la isla de Zante. En la Monta\u00f1a Sagrada se convirti\u00f3 en monje esquem\u00e1tico y estudi\u00f3 con los ascetas del Monte Athos. Recibi\u00f3 la bendici\u00f3n de los ancianos y fue a Jerusal\u00e9n para adorar en la Tumba del Salvador. Despu\u00e9s de visitar muchos lugares sagrados en Jerusal\u00e9n, el Monte Sina\u00ed, Antioqu\u00eda, Damasco, Alejandr\u00eda y Egipto, regres\u00f3 a Jerusal\u00e9n, donde se convirti\u00f3 en farolero en el Sepulcro del Se\u00f1or.<\/p>\n<p style=\"text-align: justify;\">El monje fue ordenado di\u00e1cono y luego sacerdote por el Patriarca de Jerusal\u00e9n, Germano (1534-1579). San Ger\u00e1simo mantuvo la disciplina de un asceta. Para estar solo, se retir\u00f3 al Jord\u00e1n, donde pas\u00f3 cuarenta d\u00edas sin descanso. Recibida la bendici\u00f3n del Patriarca para una vida de silencio, se retir\u00f3 a la soledad de Zante, aliment\u00e1ndose s\u00f3lo de vegetaci\u00f3n.<\/p>\n<p style=\"text-align: justify;\">Despu\u00e9s de cinco a\u00f1os, se sinti\u00f3 inspirado a ir a la isla de Cefalonia, donde vivi\u00f3 en una cueva. Restaur\u00f3 una iglesia en Omala y fund\u00f3 un monasterio de mujeres, donde vivi\u00f3 en constante trabajo y vigilia durante treinta a\u00f1os. Rezaba de rodillas y tendido en el suelo. Por su exaltada vida recibi\u00f3 un don milagroso: la capacidad de curar a los enfermos y expulsar a los esp\u00edritus inmundos.<\/p>\n<p style=\"text-align: justify;\">A los 71 a\u00f1os de edad, el venerable Ger\u00e1simo sab\u00eda que pronto morir\u00eda. Dio su bendici\u00f3n a las monjas y se durmi\u00f3 pac\u00edficamente en el Se\u00f1or el 15 de agosto de 1579. Dos a\u00f1os despu\u00e9s, su tumba fue abierta y sus santas reliquias fueron encontradas fragantes e incorruptas con un poder curativo.<\/p>\n<p style=\"text-align: justify;\">Como la festividad de la Dormici\u00f3n se celebra el 15 de agosto, el 16 de agosto se conmemora a San Ger\u00e1simo. La festividad de hoy conmemora el descubrimiento de sus reliquias en 1581.<\/p>\n<h4 style=\"text-align: justify;\"><u>Tropario Tono 1<\/u><\/h4>\n<p style=\"text-align: justify;\">Venid, oh fieles, alabemos al divino Ger\u00e1simo, * protector de los ortodoxos, \u00e1ngel en cuerpo, * milagroso revestido de Dios; * porque dignamente recibi\u00f3 de Dios * la gracia inagotable de la curaci\u00f3n * para sanar a los enfermos y a los pose\u00eddos, * as\u00ed que derrama salud a todos los que lo veneramos.<\/p>\n<p>&nbsp;<\/p>\n","protected":false},"excerpt":{"rendered":"<p>Este glorioso santo era egipcio de nacimiento y comandante en jefe del ej\u00e9rcito del emperador Constantino el Grande. Cuando la victoriosa cruz, rodeada de estrellas, apareci\u00f3 al Emperador, Artemio tambi\u00e9n la vio, y viniendo a la fe en Cristo el Se\u00f1or, fue bautizado. M\u00e1s tarde, en tiempos del emperador Constancio, hijo de Constantino, fue enviado [&hellip;]<\/p>\n","protected":false},"author":40,"featured_media":0,"comment_status":"closed","ping_status":"closed","sticky":false,"template":"","format":"standard","meta":{"_bbp_topic_count":0,"_bbp_reply_count":0,"_bbp_total_topic_count":0,"_bbp_total_reply_count":0,"_bbp_voice_count":0,"_bbp_anonymous_reply_count":0,"_bbp_topic_count_hidden":0,"_bbp_reply_count_hidden":0,"_bbp_forum_subforum_count":0},"categories":[3],"tags":[],"_links":{"self":[{"href":"https:\/\/iglesiaortodoxa.org.mx\/informacion\/wp-json\/wp\/v2\/posts\/19357"}],"collection":[{"href":"https:\/\/iglesiaortodoxa.org.mx\/informacion\/wp-json\/wp\/v2\/posts"}],"about":[{"href":"https:\/\/iglesiaortodoxa.org.mx\/informacion\/wp-json\/wp\/v2\/types\/post"}],"author":[{"embeddable":true,"href":"https:\/\/iglesiaortodoxa.org.mx\/informacion\/wp-json\/wp\/v2\/users\/40"}],"replies":[{"embeddable":true,"href":"https:\/\/iglesiaortodoxa.org.mx\/informacion\/wp-json\/wp\/v2\/comments?post=19357"}],"version-history":[{"count":3,"href":"https:\/\/iglesiaortodoxa.org.mx\/informacion\/wp-json\/wp\/v2\/posts\/19357\/revisions"}],"predecessor-version":[{"id":21185,"href":"https:\/\/iglesiaortodoxa.org.mx\/informacion\/wp-json\/wp\/v2\/posts\/19357\/revisions\/21185"}],"wp:attachment":[{"href":"https:\/\/iglesiaortodoxa.org.mx\/informacion\/wp-json\/wp\/v2\/media?parent=19357"}],"wp:term":[{"taxonomy":"category","embeddable":true,"href":"https:\/\/iglesiaortodoxa.org.mx\/informacion\/wp-json\/wp\/v2\/categories?post=19357"},{"taxonomy":"post_tag","embeddable":true,"href":"https:\/\/iglesiaortodoxa.org.mx\/informacion\/wp-json\/wp\/v2\/tags?post=19357"}],"curies":[{"name":"wp","href":"https:\/\/api.w.org\/{rel}","templated":true}]}}