{"id":19355,"date":"2025-10-19T00:00:10","date_gmt":"2025-10-19T06:00:10","guid":{"rendered":"https:\/\/iglesiaortodoxa.org.mx\/informacion\/?p=19355"},"modified":"2025-09-29T18:20:16","modified_gmt":"2025-09-30T00:20:16","slug":"santo-profeta-joel-martir-varo","status":"publish","type":"post","link":"https:\/\/iglesiaortodoxa.org.mx\/informacion\/2025\/10\/santo-profeta-joel-martir-varo\/","title":{"rendered":"Santo Profeta Joel; M\u00e1rtir Varo"},"content":{"rendered":"<p><img loading=\"lazy\" class=\"alignnone size-full wp-image-19353 aligncenter\" src=\"http:\/\/iglesiaortodoxa.org.mx\/informacion\/wp-content\/uploads\/\/profeta-joel.jpg\" alt=\"\" width=\"225\" height=\"221\" srcset=\"https:\/\/iglesiaortodoxa.org.mx\/informacion\/wp-content\/uploads\/profeta-joel.jpg 225w, https:\/\/iglesiaortodoxa.org.mx\/informacion\/wp-content\/uploads\/profeta-joel-175x172.jpg 175w, https:\/\/iglesiaortodoxa.org.mx\/informacion\/wp-content\/uploads\/profeta-joel-65x65.jpg 65w\" sizes=\"(max-width: 225px) 100vw, 225px\" \/><\/p>\n<p style=\"text-align: justify;\">El profeta Joel (800 a.C.) predijo la desolaci\u00f3n de Jerusal\u00e9n y que el Esp\u00edritu Santo ser\u00eda derramado sobre todos los hombres, por medio del Salvador del mundo (Joel 2:28-32).<\/p>\n<p style=\"text-align: justify;\">El himn\u00f3grafo Anatolio relaciona la profec\u00eda de Joel con la Natividad del Se\u00f1or. En las Alabanzas de Maitines del domingo siguiente a la Natividad, cita Joel 2:30, diciendo que la sangre se refiere a la Encarnaci\u00f3n, el fuego a la Divinidad y las columnas de humo al Esp\u00edritu Santo.<\/p>\n<h4 style=\"text-align: justify;\">Tropario tono 2, del com\u00fan de Profetas<\/h4>\n<p style=\"text-align: justify;\">Celebramos la memoria del profeta Joel, * por quien te suplicamos, Se\u00f1or, * que salves nuestras almas.<\/p>\n<p style=\"text-align: center;\"><a href=\"https:\/\/music.youtube.com\/watch?v=dVw5TlR_LFE&amp;si=YORjOVOAQsf_NrUr\" target=\"_blank\" rel=\"noopener\"><img loading=\"lazy\" class=\"alignnone size-full wp-image-19291\" src=\"http:\/\/iglesiaortodoxa.org.mx\/informacion\/wp-content\/uploads\/\/youtub-1.png\" alt=\"\" width=\"175\" height=\"61\" \/><\/a><\/p>\n<h3><\/h3>\n<h3 style=\"text-align: justify;\">Santo M\u00e1rtir Varo<\/h3>\n<p><img loading=\"lazy\" class=\"alignnone size-medium wp-image-19354 aligncenter\" src=\"http:\/\/iglesiaortodoxa.org.mx\/informacion\/wp-content\/uploads\/\/san-Varo-158x300.jpeg\" alt=\"\" width=\"158\" height=\"300\" srcset=\"https:\/\/iglesiaortodoxa.org.mx\/informacion\/wp-content\/uploads\/san-Varo-158x300.jpeg 158w, https:\/\/iglesiaortodoxa.org.mx\/informacion\/wp-content\/uploads\/san-Varo-92x175.jpeg 92w, https:\/\/iglesiaortodoxa.org.mx\/informacion\/wp-content\/uploads\/san-Varo.jpeg 329w\" sizes=\"(max-width: 158px) 100vw, 158px\" \/><\/p>\n<p style=\"text-align: justify;\">El m\u00e1rtir Varo vivi\u00f3 en Egipto durante el per\u00edodo de varias persecuciones contra los cristianos (finales del siglo III y principios del IV). Varo (Ouaros) era un comandante militar y cristiano en secreto. Brind\u00f3 asistencia a muchos de los cristianos perseguidos y encarcelados, y visitaba a los prisioneros por la noche. Tambi\u00e9n les llevaba comida, les curaba las heridas y les daba \u00e1nimos.<\/p>\n<p style=\"text-align: justify;\">Una vez, Varo pas\u00f3 una noche entera hablando con siete monjes encarcelados. Estos hombres eran maestros cristianos que hab\u00edan sido golpeados y privados de comida. Varo march\u00f3 con los maestros cuando fueron llevados a su ejecuci\u00f3n. El juez, al ver la fuerte fe de Varo, lo hizo golpear ferozmente. Varo muri\u00f3 durante la paliza. Despu\u00e9s de su muerte, los monjes fueron decapitados.<\/p>\n<h4 style=\"text-align: justify;\">Tropario tono 4, del com\u00fan de m\u00e1rtires<\/h4>\n<p style=\"text-align: justify;\">Tu m\u00e1rtir, oh Se\u00f1or, * ha obtenido de ti * corona de incorrupci\u00f3n * en su lucha, Dios nuestro. * Al tener, pues, tu fuerza, * ha vencido a tiranos * y aplastado de los demonios * su abatida insolencia. * Por sus intercesiones, oh Cristo Dios, * salva nuestras almas.<\/p>\n<p style=\"text-align: center;\"><a href=\"https:\/\/music.youtube.com\/watch?v=7xLtA5gdqP0&amp;si=ZsNF8z5JXsh3mPjJ\" target=\"_blank\" rel=\"noopener\"><img loading=\"lazy\" class=\"alignnone size-full wp-image-19291\" src=\"http:\/\/iglesiaortodoxa.org.mx\/informacion\/wp-content\/uploads\/\/youtub-1.png\" alt=\"\" width=\"175\" height=\"61\" \/><\/a><\/p>\n","protected":false},"excerpt":{"rendered":"<p>El profeta Joel (800 a.C.) predijo la desolaci\u00f3n de Jerusal\u00e9n y que el Esp\u00edritu Santo ser\u00eda derramado sobre todos los hombres, por medio del Salvador del mundo (Joel 2:28-32). El himn\u00f3grafo Anatolio relaciona la profec\u00eda de Joel con la Natividad del Se\u00f1or. En las Alabanzas de Maitines del domingo siguiente a la Natividad, cita Joel [&hellip;]<\/p>\n","protected":false},"author":40,"featured_media":0,"comment_status":"closed","ping_status":"closed","sticky":false,"template":"","format":"standard","meta":{"_bbp_topic_count":0,"_bbp_reply_count":0,"_bbp_total_topic_count":0,"_bbp_total_reply_count":0,"_bbp_voice_count":0,"_bbp_anonymous_reply_count":0,"_bbp_topic_count_hidden":0,"_bbp_reply_count_hidden":0,"_bbp_forum_subforum_count":0},"categories":[99,16],"tags":[],"_links":{"self":[{"href":"https:\/\/iglesiaortodoxa.org.mx\/informacion\/wp-json\/wp\/v2\/posts\/19355"}],"collection":[{"href":"https:\/\/iglesiaortodoxa.org.mx\/informacion\/wp-json\/wp\/v2\/posts"}],"about":[{"href":"https:\/\/iglesiaortodoxa.org.mx\/informacion\/wp-json\/wp\/v2\/types\/post"}],"author":[{"embeddable":true,"href":"https:\/\/iglesiaortodoxa.org.mx\/informacion\/wp-json\/wp\/v2\/users\/40"}],"replies":[{"embeddable":true,"href":"https:\/\/iglesiaortodoxa.org.mx\/informacion\/wp-json\/wp\/v2\/comments?post=19355"}],"version-history":[{"count":1,"href":"https:\/\/iglesiaortodoxa.org.mx\/informacion\/wp-json\/wp\/v2\/posts\/19355\/revisions"}],"predecessor-version":[{"id":19356,"href":"https:\/\/iglesiaortodoxa.org.mx\/informacion\/wp-json\/wp\/v2\/posts\/19355\/revisions\/19356"}],"wp:attachment":[{"href":"https:\/\/iglesiaortodoxa.org.mx\/informacion\/wp-json\/wp\/v2\/media?parent=19355"}],"wp:term":[{"taxonomy":"category","embeddable":true,"href":"https:\/\/iglesiaortodoxa.org.mx\/informacion\/wp-json\/wp\/v2\/categories?post=19355"},{"taxonomy":"post_tag","embeddable":true,"href":"https:\/\/iglesiaortodoxa.org.mx\/informacion\/wp-json\/wp\/v2\/tags?post=19355"}],"curies":[{"name":"wp","href":"https:\/\/api.w.org\/{rel}","templated":true}]}}