{"id":10047,"date":"2013-09-11T06:54:53","date_gmt":"2013-09-11T12:54:53","guid":{"rendered":"http:\/\/www.iglesiaortodoxa.org.mx\/informacion\/?p=10047"},"modified":"2013-09-12T12:28:54","modified_gmt":"2013-09-12T18:28:54","slug":"entrevista-de-su-eminencia-antonio-en-milenio-television","status":"publish","type":"post","link":"https:\/\/iglesiaortodoxa.org.mx\/informacion\/2013\/09\/entrevista-de-su-eminencia-antonio-en-milenio-television\/","title":{"rendered":"Entrevista de Su Eminencia Antonio en Milenio Televisi\u00f3n"},"content":{"rendered":"<p style=\"text-align: justify;\"><a href=\"http:\/\/www.iglesiaortodoxa.org.mx\/informacion\/wp-content\/uploads\/\/Chedraoui-en-Milenio.png\" data-rel=\"lightbox-image-0\" data-rl_title=\"\" data-rl_caption=\"\"><img loading=\"lazy\" class=\"aligncenter size-thumbnail wp-image-5033\" title=\"\" alt=\"\" src=\"http:\/\/www.iglesiaortodoxa.org.mx\/informacion\/wp-content\/uploads\/\/Chedraoui-en-Milenio.png\" width=\"314\" height=\"196\" \/><\/a><\/p>\n<p>&nbsp;<\/p>\n<p style=\"text-align: justify;\">El pasado martes 10 de Septiembre a las 21:45 hrs \u00a0el\u00a0periodista Carlos Mar\u00edn\u00a0present\u00f3 una entrevista \u00a0 a \u00a0Su Eminencia Antonio Chedraoui a trav\u00e9s de\u00a0Milenio Televisi\u00f3n en su programa &#8220;El Asalto a la Raz\u00f3n&#8221;.<\/p>\n<p style=\"text-align: justify;\">Inicialmente el periodista Carlos Mar\u00edn coment\u00f3 que iniciado el conflicto b\u00e9lico en Siria, la \u00fanica voz que recuerdo, la primera voz que se levant\u00f3 en M\u00e9xico en contra de la atrocidad de quienes se alzaron en armas en contra del gobierno de Bashar al Assad fue la del Arzobispo Antonio Chedraoui.\u00a0En la entrevista Sayedna Antonio habl\u00f3 sobre la situaci\u00f3n actual en Medio Oriente, en especial en Siria. Denunci\u00f3 la persecuci\u00f3n a los Cristianos de parte de los Fan\u00e1ticos Isl\u00e1micos.Y la injusta intervenci\u00f3n de Estados Unidos en el conflicto argumentando la utilizaci\u00f3n de armas qu\u00edmicas.<\/p>\n<p style=\"text-align: center;\">Para ver el video de la entrevista de click en la siguiente imagen:<\/p>\n<p style=\"text-align: center;\"><a href=\"http:\/\/link.brightcove.com\/services\/player\/bcpid1456465130001?bckey=AQ~~%2cAAAADXbYjDE~%2c3aLFJqpM7Idziy1h368FNWKdMWSvm25B&amp;bclid=309216157001&amp;bctid=2663836925001\"><img loading=\"lazy\" class=\"aligncenter size-full wp-image-10052\" alt=\"Chedraoui y Marin\" src=\"http:\/\/www.iglesiaortodoxa.org.mx\/informacion\/wp-content\/uploads\/\/Chedraoui-y-Marin.png\" width=\"366\" height=\"242\" srcset=\"https:\/\/iglesiaortodoxa.org.mx\/informacion\/wp-content\/uploads\/\/Chedraoui-y-Marin.png 366w, https:\/\/iglesiaortodoxa.org.mx\/informacion\/wp-content\/uploads\/\/Chedraoui-y-Marin-300x198.png 300w\" sizes=\"(max-width: 366px) 100vw, 366px\" \/><\/a><\/p>\n<p style=\"text-align: center;\">\n<p style=\"text-align: justify;\">\n","protected":false},"excerpt":{"rendered":"<p>&nbsp; El pasado martes 10 de Septiembre a las 21:45 hrs \u00a0el\u00a0periodista Carlos Mar\u00edn\u00a0present\u00f3 una entrevista \u00a0 a \u00a0Su Eminencia Antonio Chedraoui a trav\u00e9s de\u00a0Milenio Televisi\u00f3n en su programa &#8220;El Asalto a la Raz\u00f3n&#8221;. Inicialmente el periodista Carlos Mar\u00edn coment\u00f3 que iniciado el conflicto b\u00e9lico en Siria, la \u00fanica voz que recuerdo, la primera voz [&hellip;]<\/p>\n","protected":false},"author":13,"featured_media":0,"comment_status":"closed","ping_status":"closed","sticky":true,"template":"","format":"standard","meta":{"_bbp_topic_count":0,"_bbp_reply_count":0,"_bbp_total_topic_count":0,"_bbp_total_reply_count":0,"_bbp_voice_count":0,"_bbp_anonymous_reply_count":0,"_bbp_topic_count_hidden":0,"_bbp_reply_count_hidden":0,"_bbp_forum_subforum_count":0},"categories":[48],"tags":[],"_links":{"self":[{"href":"https:\/\/iglesiaortodoxa.org.mx\/informacion\/wp-json\/wp\/v2\/posts\/10047"}],"collection":[{"href":"https:\/\/iglesiaortodoxa.org.mx\/informacion\/wp-json\/wp\/v2\/posts"}],"about":[{"href":"https:\/\/iglesiaortodoxa.org.mx\/informacion\/wp-json\/wp\/v2\/types\/post"}],"author":[{"embeddable":true,"href":"https:\/\/iglesiaortodoxa.org.mx\/informacion\/wp-json\/wp\/v2\/users\/13"}],"replies":[{"embeddable":true,"href":"https:\/\/iglesiaortodoxa.org.mx\/informacion\/wp-json\/wp\/v2\/comments?post=10047"}],"version-history":[{"count":11,"href":"https:\/\/iglesiaortodoxa.org.mx\/informacion\/wp-json\/wp\/v2\/posts\/10047\/revisions"}],"predecessor-version":[{"id":10065,"href":"https:\/\/iglesiaortodoxa.org.mx\/informacion\/wp-json\/wp\/v2\/posts\/10047\/revisions\/10065"}],"wp:attachment":[{"href":"https:\/\/iglesiaortodoxa.org.mx\/informacion\/wp-json\/wp\/v2\/media?parent=10047"}],"wp:term":[{"taxonomy":"category","embeddable":true,"href":"https:\/\/iglesiaortodoxa.org.mx\/informacion\/wp-json\/wp\/v2\/categories?post=10047"},{"taxonomy":"post_tag","embeddable":true,"href":"https:\/\/iglesiaortodoxa.org.mx\/informacion\/wp-json\/wp\/v2\/tags?post=10047"}],"curies":[{"name":"wp","href":"https:\/\/api.w.org\/{rel}","templated":true}]}}