{"id":9173,"date":"2013-04-29T15:57:56","date_gmt":"2013-04-29T21:57:56","guid":{"rendered":"http:\/\/www.iglesiaortodoxa.org.mx\/informacion\/?p=9173"},"modified":"2013-04-29T18:08:52","modified_gmt":"2013-04-30T00:08:52","slug":"celebracion-del-domingo-de-ramos-en-san-pedro-y-san-pablo","status":"publish","type":"post","link":"http:\/\/iglesiaortodoxa.org.mx\/informacion\/2013\/04\/celebracion-del-domingo-de-ramos-en-san-pedro-y-san-pablo\/","title":{"rendered":"Celebraci\u00f3n del Domingo de Ramos en San Pedro y San Pablo"},"content":{"rendered":"<p style=\"text-align: justify;\"><a href=\"http:\/\/www.iglesiaortodoxa.org.mx\/informacion\/wp-content\/uploads\/\/946633_298399373625136_23121674_n.jpg\" data-rel=\"lightbox-image-0\" data-rl_title=\"\" data-rl_caption=\"\"><img loading=\"lazy\" class=\"aligncenter size-thumbnail wp-image-5033\" title=\"\" alt=\"\" src=\"http:\/\/www.iglesiaortodoxa.org.mx\/informacion\/wp-content\/uploads\/\/946633_298399373625136_23121674_n.jpg\" width=\"237\" height=\"281\" \/><\/a><\/p>\n<p style=\"text-align: justify;\">Su Eminencia Antonio Chedraoui celebr\u00f3 la fiesta del Domingo de Ramos este 28 de Abril del 2013 en la Catedral de San Pedro y San Pablo, durante la homil\u00eda Sayedna Antonio dirigi\u00f3 unas palabras sobre el conflicto de Siria y el secuestro de los Arzobispos S.E. Metropolita Pablo Yazigy hermano de nuestro Patriarca y S. E. Metropolita Youhanna Ibrahim<\/p>\n<p style=\"text-align: justify;\">\n<p style=\"text-align: justify;\">Despues de las palabras de S.E. Antonio se di\u00f3 lectura al comunicado del Patriarca Juan X sobre la situaci\u00f3n en Siria, a continuaci\u00f3n presentamos el comunicado del Patriarca:<\/p>\n<p style=\"text-align: justify;\"><a href=\"http:\/\/www.iglesiaortodoxa.org.mx\/informacion\/wp-content\/uploads\/\/pastoral_letter_27-04-sp.pdf\">pastoral_letter_27-04-sp<\/a><\/p>\n<p style=\"text-align: justify;\"><a href=\"http:\/\/www.iglesiaortodoxa.org.mx\/informacion\/wp-content\/uploads\/\/pastoral_letter_27-04-ar.pdf\">pastoral_letter_27-04-ar<\/a><\/p>\n\n\t\t<style type=\"text\/css\">\n\t\t\t#gallery-1 {\n\t\t\t\tmargin: auto;\n\t\t\t}\n\t\t\t#gallery-1 .gallery-item {\n\t\t\t\tfloat: left;\n\t\t\t\tmargin-top: 10px;\n\t\t\t\ttext-align: center;\n\t\t\t\twidth: 33%;\n\t\t\t}\n\t\t\t#gallery-1 img {\n\t\t\t\tborder: 2px solid #cfcfcf;\n\t\t\t}\n\t\t\t#gallery-1 .gallery-caption {\n\t\t\t\tmargin-left: 0;\n\t\t\t}\n\t\t\t\/* see gallery_shortcode() in wp-includes\/media.php *\/\n\t\t<\/style>\n\t\t<div id='gallery-1' class='gallery galleryid-9173 gallery-columns-3 gallery-size-thumbnail'><dl class='gallery-item'>\n\t\t\t<dt class='gallery-icon landscape'>\n\t\t\t\t<a href='http:\/\/iglesiaortodoxa.org.mx\/informacion\/wp-content\/uploads\/\/3540_10200275535106095_1449993706_n.jpg' title=\"\" data-rl_title=\"\" class=\"rl-gallery-link\" data-rl_caption=\"\" data-rel=\"lightbox-gallery-1\"><img width=\"150\" height=\"150\" src=\"http:\/\/iglesiaortodoxa.org.mx\/informacion\/wp-content\/uploads\/\/3540_10200275535106095_1449993706_n-150x150.jpg\" class=\"attachment-thumbnail size-thumbnail\" alt=\"\" loading=\"lazy\" \/><\/a>\n\t\t\t<\/dt><\/dl><dl class='gallery-item'>\n\t\t\t<dt class='gallery-icon landscape'>\n\t\t\t\t<a href='http:\/\/iglesiaortodoxa.org.mx\/informacion\/wp-content\/uploads\/\/316093_10200275546546381_1960003294_n.jpg' title=\"\" data-rl_title=\"\" class=\"rl-gallery-link\" data-rl_caption=\"\" data-rel=\"lightbox-gallery-1\"><img width=\"150\" height=\"150\" src=\"http:\/\/iglesiaortodoxa.org.mx\/informacion\/wp-content\/uploads\/\/316093_10200275546546381_1960003294_n-150x150.jpg\" class=\"attachment-thumbnail size-thumbnail\" alt=\"\" loading=\"lazy\" \/><\/a>\n\t\t\t<\/dt><\/dl><dl class='gallery-item'>\n\t\t\t<dt class='gallery-icon landscape'>\n\t\t\t\t<a href='http:\/\/iglesiaortodoxa.org.mx\/informacion\/wp-content\/uploads\/\/375047_10200275697590157_2063654504_n.jpg' title=\"\" data-rl_title=\"\" class=\"rl-gallery-link\" data-rl_caption=\"\" data-rel=\"lightbox-gallery-1\"><img width=\"150\" height=\"150\" src=\"http:\/\/iglesiaortodoxa.org.mx\/informacion\/wp-content\/uploads\/\/375047_10200275697590157_2063654504_n-150x150.jpg\" class=\"attachment-thumbnail size-thumbnail\" alt=\"\" loading=\"lazy\" \/><\/a>\n\t\t\t<\/dt><\/dl><br style=\"clear: both\" \/><dl class='gallery-item'>\n\t\t\t<dt class='gallery-icon landscape'>\n\t\t\t\t<a href='http:\/\/iglesiaortodoxa.org.mx\/informacion\/wp-content\/uploads\/\/400738_10200275768111920_2137498855_n.jpg' title=\"\" data-rl_title=\"\" class=\"rl-gallery-link\" data-rl_caption=\"\" data-rel=\"lightbox-gallery-1\"><img width=\"150\" height=\"150\" src=\"http:\/\/iglesiaortodoxa.org.mx\/informacion\/wp-content\/uploads\/\/400738_10200275768111920_2137498855_n-150x150.jpg\" class=\"attachment-thumbnail size-thumbnail\" alt=\"\" loading=\"lazy\" \/><\/a>\n\t\t\t<\/dt><\/dl><dl class='gallery-item'>\n\t\t\t<dt class='gallery-icon portrait'>\n\t\t\t\t<a href='http:\/\/iglesiaortodoxa.org.mx\/informacion\/wp-content\/uploads\/\/417809_10200275524185822_463434362_n.jpg' title=\"\" data-rl_title=\"\" class=\"rl-gallery-link\" data-rl_caption=\"\" data-rel=\"lightbox-gallery-1\"><img width=\"150\" height=\"150\" src=\"http:\/\/iglesiaortodoxa.org.mx\/informacion\/wp-content\/uploads\/\/417809_10200275524185822_463434362_n-150x150.jpg\" class=\"attachment-thumbnail size-thumbnail\" alt=\"\" loading=\"lazy\" \/><\/a>\n\t\t\t<\/dt><\/dl><dl class='gallery-item'>\n\t\t\t<dt class='gallery-icon portrait'>\n\t\t\t\t<a href='http:\/\/iglesiaortodoxa.org.mx\/informacion\/wp-content\/uploads\/\/524660_10200275755391602_2094424716_n.jpg' title=\"\" data-rl_title=\"\" class=\"rl-gallery-link\" data-rl_caption=\"\" data-rel=\"lightbox-gallery-1\"><img width=\"150\" height=\"150\" src=\"http:\/\/iglesiaortodoxa.org.mx\/informacion\/wp-content\/uploads\/\/524660_10200275755391602_2094424716_n-150x150.jpg\" class=\"attachment-thumbnail size-thumbnail\" alt=\"\" loading=\"lazy\" \/><\/a>\n\t\t\t<\/dt><\/dl><br style=\"clear: both\" \/><dl class='gallery-item'>\n\t\t\t<dt class='gallery-icon landscape'>\n\t\t\t\t<a href='http:\/\/iglesiaortodoxa.org.mx\/informacion\/wp-content\/uploads\/\/603787_10200275748991442_353766042_n.jpg' title=\"\" data-rl_title=\"\" class=\"rl-gallery-link\" data-rl_caption=\"\" data-rel=\"lightbox-gallery-1\"><img width=\"150\" height=\"150\" src=\"http:\/\/iglesiaortodoxa.org.mx\/informacion\/wp-content\/uploads\/\/603787_10200275748991442_353766042_n-150x150.jpg\" class=\"attachment-thumbnail size-thumbnail\" alt=\"\" loading=\"lazy\" \/><\/a>\n\t\t\t<\/dt><\/dl><dl class='gallery-item'>\n\t\t\t<dt class='gallery-icon landscape'>\n\t\t\t\t<a href='http:\/\/iglesiaortodoxa.org.mx\/informacion\/wp-content\/uploads\/\/935714_10200275760151721_971045179_n.jpg' title=\"\" data-rl_title=\"\" class=\"rl-gallery-link\" data-rl_caption=\"\" data-rel=\"lightbox-gallery-1\"><img width=\"150\" height=\"150\" src=\"http:\/\/iglesiaortodoxa.org.mx\/informacion\/wp-content\/uploads\/\/935714_10200275760151721_971045179_n-150x150.jpg\" class=\"attachment-thumbnail size-thumbnail\" alt=\"\" loading=\"lazy\" \/><\/a>\n\t\t\t<\/dt><\/dl><dl class='gallery-item'>\n\t\t\t<dt class='gallery-icon landscape'>\n\t\t\t\t<a href='http:\/\/iglesiaortodoxa.org.mx\/informacion\/wp-content\/uploads\/\/941325_10151357610136881_1403851871_n.jpg' title=\"\" data-rl_title=\"\" class=\"rl-gallery-link\" data-rl_caption=\"\" data-rel=\"lightbox-gallery-1\"><img width=\"150\" height=\"150\" src=\"http:\/\/iglesiaortodoxa.org.mx\/informacion\/wp-content\/uploads\/\/941325_10151357610136881_1403851871_n-150x150.jpg\" class=\"attachment-thumbnail size-thumbnail\" alt=\"\" loading=\"lazy\" \/><\/a>\n\t\t\t<\/dt><\/dl><br style=\"clear: both\" \/><dl class='gallery-item'>\n\t\t\t<dt class='gallery-icon landscape'>\n\t\t\t\t<a href='http:\/\/iglesiaortodoxa.org.mx\/informacion\/wp-content\/uploads\/\/943744_10200275543986317_988364864_n.jpg' title=\"\" data-rl_title=\"\" class=\"rl-gallery-link\" data-rl_caption=\"\" data-rel=\"lightbox-gallery-1\"><img width=\"150\" height=\"150\" src=\"http:\/\/iglesiaortodoxa.org.mx\/informacion\/wp-content\/uploads\/\/943744_10200275543986317_988364864_n-150x150.jpg\" class=\"attachment-thumbnail size-thumbnail\" alt=\"\" loading=\"lazy\" \/><\/a>\n\t\t\t<\/dt><\/dl><dl class='gallery-item'>\n\t\t\t<dt class='gallery-icon landscape'>\n\t\t\t\t<a href='http:\/\/iglesiaortodoxa.org.mx\/informacion\/wp-content\/uploads\/\/945181_10200275765431853_1327238827_n.jpg' title=\"\" data-rl_title=\"\" class=\"rl-gallery-link\" data-rl_caption=\"\" data-rel=\"lightbox-gallery-1\"><img width=\"150\" height=\"150\" src=\"http:\/\/iglesiaortodoxa.org.mx\/informacion\/wp-content\/uploads\/\/945181_10200275765431853_1327238827_n-150x150.jpg\" class=\"attachment-thumbnail size-thumbnail\" alt=\"\" loading=\"lazy\" \/><\/a>\n\t\t\t<\/dt><\/dl><dl class='gallery-item'>\n\t\t\t<dt class='gallery-icon portrait'>\n\t\t\t\t<a href='http:\/\/iglesiaortodoxa.org.mx\/informacion\/wp-content\/uploads\/\/946633_298399373625136_23121674_n.jpg' title=\"\" data-rl_title=\"\" class=\"rl-gallery-link\" data-rl_caption=\"\" data-rel=\"lightbox-gallery-1\"><img width=\"150\" height=\"150\" src=\"http:\/\/iglesiaortodoxa.org.mx\/informacion\/wp-content\/uploads\/\/946633_298399373625136_23121674_n-150x150.jpg\" class=\"attachment-thumbnail size-thumbnail\" alt=\"\" loading=\"lazy\" \/><\/a>\n\t\t\t<\/dt><\/dl><br style=\"clear: both\" \/><dl class='gallery-item'>\n\t\t\t<dt class='gallery-icon landscape'>\n\t\t\t\t<a href='http:\/\/iglesiaortodoxa.org.mx\/informacion\/wp-content\/uploads\/\/DSC02294.jpg' title=\"\" data-rl_title=\"\" class=\"rl-gallery-link\" data-rl_caption=\"\" data-rel=\"lightbox-gallery-1\"><img width=\"150\" height=\"150\" src=\"http:\/\/iglesiaortodoxa.org.mx\/informacion\/wp-content\/uploads\/\/DSC02294-150x150.jpg\" class=\"attachment-thumbnail size-thumbnail\" alt=\"\" loading=\"lazy\" \/><\/a>\n\t\t\t<\/dt><\/dl>\n\t\t\t<br style='clear: both' \/>\n\t\t<\/div>\n\n<p>&nbsp;<\/p>\n<p>&nbsp;<\/p>\n","protected":false},"excerpt":{"rendered":"<p>Su Eminencia Antonio Chedraoui celebr\u00f3 la fiesta del Domingo de Ramos este 28 de Abril del 2013 en la Catedral de San Pedro y San Pablo, durante la homil\u00eda Sayedna Antonio dirigi\u00f3 unas palabras sobre el conflicto de Siria y el secuestro de los Arzobispos S.E. Metropolita Pablo Yazigy hermano de nuestro Patriarca y S. [&hellip;]<\/p>\n","protected":false},"author":13,"featured_media":0,"comment_status":"closed","ping_status":"closed","sticky":true,"template":"","format":"standard","meta":{"_bbp_topic_count":0,"_bbp_reply_count":0,"_bbp_total_topic_count":0,"_bbp_total_reply_count":0,"_bbp_voice_count":0,"_bbp_anonymous_reply_count":0,"_bbp_topic_count_hidden":0,"_bbp_reply_count_hidden":0,"_bbp_forum_subforum_count":0},"categories":[48],"tags":[],"_links":{"self":[{"href":"http:\/\/iglesiaortodoxa.org.mx\/informacion\/wp-json\/wp\/v2\/posts\/9173"}],"collection":[{"href":"http:\/\/iglesiaortodoxa.org.mx\/informacion\/wp-json\/wp\/v2\/posts"}],"about":[{"href":"http:\/\/iglesiaortodoxa.org.mx\/informacion\/wp-json\/wp\/v2\/types\/post"}],"author":[{"embeddable":true,"href":"http:\/\/iglesiaortodoxa.org.mx\/informacion\/wp-json\/wp\/v2\/users\/13"}],"replies":[{"embeddable":true,"href":"http:\/\/iglesiaortodoxa.org.mx\/informacion\/wp-json\/wp\/v2\/comments?post=9173"}],"version-history":[{"count":6,"href":"http:\/\/iglesiaortodoxa.org.mx\/informacion\/wp-json\/wp\/v2\/posts\/9173\/revisions"}],"predecessor-version":[{"id":9192,"href":"http:\/\/iglesiaortodoxa.org.mx\/informacion\/wp-json\/wp\/v2\/posts\/9173\/revisions\/9192"}],"wp:attachment":[{"href":"http:\/\/iglesiaortodoxa.org.mx\/informacion\/wp-json\/wp\/v2\/media?parent=9173"}],"wp:term":[{"taxonomy":"category","embeddable":true,"href":"http:\/\/iglesiaortodoxa.org.mx\/informacion\/wp-json\/wp\/v2\/categories?post=9173"},{"taxonomy":"post_tag","embeddable":true,"href":"http:\/\/iglesiaortodoxa.org.mx\/informacion\/wp-json\/wp\/v2\/tags?post=9173"}],"curies":[{"name":"wp","href":"https:\/\/api.w.org\/{rel}","templated":true}]}}