{"id":9151,"date":"2013-04-24T12:57:23","date_gmt":"2013-04-24T18:57:23","guid":{"rendered":"http:\/\/www.iglesiaortodoxa.org.mx\/informacion\/?p=9151"},"modified":"2013-04-24T23:36:35","modified_gmt":"2013-04-25T05:36:35","slug":"comunicado-importante","status":"publish","type":"post","link":"http:\/\/iglesiaortodoxa.org.mx\/informacion\/2013\/04\/comunicado-importante\/","title":{"rendered":"Comunicado Importante"},"content":{"rendered":"<p style=\"text-align: justify;\"><a href=\"http:\/\/www.iglesiaortodoxa.org.mx\/informacion\/wp-content\/uploads\/\/538055_10152740060260652_1289385994_n.jpg\" data-rel=\"lightbox-image-0\" data-rl_title=\"\" data-rl_caption=\"\"><img loading=\"lazy\" class=\"aligncenter size-thumbnail wp-image-5033\" title=\"\" alt=\"\" src=\"http:\/\/www.iglesiaortodoxa.org.mx\/informacion\/wp-content\/uploads\/\/538055_10152740060260652_1289385994_n.jpg\" width=\"237\" height=\"143\" \/><\/a><\/p>\n<p style=\"text-align: justify;\">Pedimos sus oraciones por la\u00a0 liberaci\u00f3n e S.E. Metropolita Pablo Yazigy hermano de nuestro Patriarca\u00a0 y S. E. Metropolita Youhanna Ibrahim que fueron secuestrados en Siria, Alepo.\u00a0 Ante esta situaci\u00f3n el d\u00eda de ayer se dieron noticias falsas sobre la liberaci\u00f3n de los Obispos. S.E.R Antonio Chedraoui emite el siguiente comunicado a la comunidad:<\/p>\n<p style=\"text-align: center;\"><a href=\"http:\/\/www.iglesiaortodoxa.org.mx\/informacion\/wp-content\/uploads\/\/Liberaci\u00f3n-Desmentida1.jpeg\" data-rel=\"lightbox-image-1\" data-rl_title=\"\" data-rl_caption=\"\" title=\"\"><img loading=\"lazy\" class=\"size-medium wp-image-9166 aligncenter\" alt=\"Liberaci\u00f3n-Desmentida\" src=\"http:\/\/www.iglesiaortodoxa.org.mx\/informacion\/wp-content\/uploads\/\/Liberaci\u00f3n-Desmentida1-218x300.jpeg\" width=\"218\" height=\"300\" srcset=\"http:\/\/iglesiaortodoxa.org.mx\/informacion\/wp-content\/uploads\/Liberaci\u00f3n-Desmentida1-218x300.jpeg 218w, http:\/\/iglesiaortodoxa.org.mx\/informacion\/wp-content\/uploads\/Liberaci\u00f3n-Desmentida1-744x1024.jpeg 744w, http:\/\/iglesiaortodoxa.org.mx\/informacion\/wp-content\/uploads\/Liberaci\u00f3n-Desmentida1.jpeg 1700w\" sizes=\"(max-width: 218px) 100vw, 218px\" \/><\/a><\/p>\n","protected":false},"excerpt":{"rendered":"<p>Pedimos sus oraciones por la\u00a0 liberaci\u00f3n e S.E. Metropolita Pablo Yazigy hermano de nuestro Patriarca\u00a0 y S. E. Metropolita Youhanna Ibrahim que fueron secuestrados en Siria, Alepo.\u00a0 Ante esta situaci\u00f3n el d\u00eda de ayer se dieron noticias falsas sobre la liberaci\u00f3n de los Obispos. S.E.R Antonio Chedraoui emite el siguiente comunicado a la comunidad:<\/p>\n","protected":false},"author":13,"featured_media":0,"comment_status":"closed","ping_status":"closed","sticky":true,"template":"","format":"standard","meta":{"_bbp_topic_count":0,"_bbp_reply_count":0,"_bbp_total_topic_count":0,"_bbp_total_reply_count":0,"_bbp_voice_count":0,"_bbp_anonymous_reply_count":0,"_bbp_topic_count_hidden":0,"_bbp_reply_count_hidden":0,"_bbp_forum_subforum_count":0},"categories":[48],"tags":[],"_links":{"self":[{"href":"http:\/\/iglesiaortodoxa.org.mx\/informacion\/wp-json\/wp\/v2\/posts\/9151"}],"collection":[{"href":"http:\/\/iglesiaortodoxa.org.mx\/informacion\/wp-json\/wp\/v2\/posts"}],"about":[{"href":"http:\/\/iglesiaortodoxa.org.mx\/informacion\/wp-json\/wp\/v2\/types\/post"}],"author":[{"embeddable":true,"href":"http:\/\/iglesiaortodoxa.org.mx\/informacion\/wp-json\/wp\/v2\/users\/13"}],"replies":[{"embeddable":true,"href":"http:\/\/iglesiaortodoxa.org.mx\/informacion\/wp-json\/wp\/v2\/comments?post=9151"}],"version-history":[{"count":13,"href":"http:\/\/iglesiaortodoxa.org.mx\/informacion\/wp-json\/wp\/v2\/posts\/9151\/revisions"}],"predecessor-version":[{"id":9159,"href":"http:\/\/iglesiaortodoxa.org.mx\/informacion\/wp-json\/wp\/v2\/posts\/9151\/revisions\/9159"}],"wp:attachment":[{"href":"http:\/\/iglesiaortodoxa.org.mx\/informacion\/wp-json\/wp\/v2\/media?parent=9151"}],"wp:term":[{"taxonomy":"category","embeddable":true,"href":"http:\/\/iglesiaortodoxa.org.mx\/informacion\/wp-json\/wp\/v2\/categories?post=9151"},{"taxonomy":"post_tag","embeddable":true,"href":"http:\/\/iglesiaortodoxa.org.mx\/informacion\/wp-json\/wp\/v2\/tags?post=9151"}],"curies":[{"name":"wp","href":"https:\/\/api.w.org\/{rel}","templated":true}]}}