{"id":9059,"date":"2013-04-16T17:25:49","date_gmt":"2013-04-16T23:25:49","guid":{"rendered":"http:\/\/www.iglesiaortodoxa.org.mx\/informacion\/?p=9059"},"modified":"2013-04-16T17:26:06","modified_gmt":"2013-04-16T23:26:06","slug":"s-e-r-antonio-chedraoui-en-la-universidad-iberoamericana","status":"publish","type":"post","link":"http:\/\/iglesiaortodoxa.org.mx\/informacion\/2013\/04\/s-e-r-antonio-chedraoui-en-la-universidad-iberoamericana\/","title":{"rendered":"S. E. R Antonio Chedraoui en la Universidad Iberoamericana"},"content":{"rendered":"<p style=\"text-align: justify;\"><a href=\"http:\/\/www.iglesiaortodoxa.org.mx\/informacion\/wp-content\/uploads\/\/72190_10151340954746881_2146310949_n.jpg\" data-rel=\"lightbox-image-0\" data-rl_title=\"\" data-rl_caption=\"\"><img loading=\"lazy\" class=\"aligncenter size-thumbnail wp-image-5033\" title=\"\" alt=\"\" src=\"http:\/\/www.iglesiaortodoxa.org.mx\/informacion\/wp-content\/uploads\/\/72190_10151340954746881_2146310949_n.jpg\" width=\"352\" height=\"259\" \/><\/a><\/p>\n<p style=\"text-align: justify;\">Su Eminencia Antonio Chedraoui, Arzobispo Metropolitano de M\u00e9xico, Venezuela, Centroam\u00e9rica y el Caribe, fu\u00e9 invitado este martes 16 de Abril del presente a\u00f1o a impartir una conferencia sobre el tema de &#8220;Pol\u00edtica y Religi\u00f3n&#8221;, en la conferencia Sayedna Antonio habl\u00f3 sobre la relaci\u00f3n Iglesia-Estado a nivel mundial hist\u00f3ricamente y posteriormente habl\u00f3 sobre la relaci\u00f3n Iglesia-Estado en M\u00e9xico, Su Eminencia Antonio enfatiz\u00f3 que si Cristo y sus discipulos fueron democr\u00e1ticos en sus acciones tambi\u00e9n la Iglesia y los Gobiernos deben de ser democr\u00e1ticos en sus acciones y unificar criterios para poder trabajar por una vida mejor.<\/p>\n<p style=\"text-align: justify;\">Al finalizar la conferencia algunos j\u00f3venes de la Universidad Iberoamericana hicieron algunas preguntas a las que muy puntualmente\u00a0 Sayedna Antonio contest\u00f3, una de las preguntas mas destacadas fueron sobre la problem\u00e1tica de la modernizaci\u00f3n de la Iglesia a lo que Sayedna Antonio respondi\u00f3:\u00a0 &#8220;El papel que tenemos los miembros del Clero es ir en busca de ustedes los laicos y no esperar a que ustedes lleguen a nosotros, es de esa manera la Iglesia sigue modernizandose&#8221;. Despues de las preguntas Su Eminencia Antonio firm\u00f3 el libro de actas, recibi\u00f3 un presente de la Universidad Iberoamericana y visit\u00f3 las instalaciones de la Universidad.\u00a0<strong> \u00a1Felicitamos a S.E. Antonio por la conferencia impartida!<\/strong><\/p>\n\n\t\t<style type=\"text\/css\">\n\t\t\t#gallery-1 {\n\t\t\t\tmargin: auto;\n\t\t\t}\n\t\t\t#gallery-1 .gallery-item {\n\t\t\t\tfloat: left;\n\t\t\t\tmargin-top: 10px;\n\t\t\t\ttext-align: center;\n\t\t\t\twidth: 33%;\n\t\t\t}\n\t\t\t#gallery-1 img {\n\t\t\t\tborder: 2px solid #cfcfcf;\n\t\t\t}\n\t\t\t#gallery-1 .gallery-caption {\n\t\t\t\tmargin-left: 0;\n\t\t\t}\n\t\t\t\/* see gallery_shortcode() in wp-includes\/media.php *\/\n\t\t<\/style>\n\t\t<div id='gallery-1' class='gallery galleryid-9059 gallery-columns-3 gallery-size-thumbnail'><dl class='gallery-item'>\n\t\t\t<dt class='gallery-icon landscape'>\n\t\t\t\t<a href='http:\/\/iglesiaortodoxa.org.mx\/informacion\/wp-content\/uploads\/\/72190_10151340954746881_2146310949_n.jpg' title=\"\" data-rl_title=\"\" class=\"rl-gallery-link\" data-rl_caption=\"\" data-rel=\"lightbox-gallery-1\"><img width=\"150\" height=\"150\" src=\"http:\/\/iglesiaortodoxa.org.mx\/informacion\/wp-content\/uploads\/\/72190_10151340954746881_2146310949_n-150x150.jpg\" class=\"attachment-thumbnail size-thumbnail\" alt=\"\" loading=\"lazy\" \/><\/a>\n\t\t\t<\/dt><\/dl><dl class='gallery-item'>\n\t\t\t<dt class='gallery-icon landscape'>\n\t\t\t\t<a href='http:\/\/iglesiaortodoxa.org.mx\/informacion\/wp-content\/uploads\/\/2013-04-16-09.23.28.jpg' title=\"\" data-rl_title=\"\" class=\"rl-gallery-link\" data-rl_caption=\"\" data-rel=\"lightbox-gallery-1\"><img width=\"150\" height=\"150\" src=\"http:\/\/iglesiaortodoxa.org.mx\/informacion\/wp-content\/uploads\/\/2013-04-16-09.23.28-150x150.jpg\" class=\"attachment-thumbnail size-thumbnail\" alt=\"\" loading=\"lazy\" \/><\/a>\n\t\t\t<\/dt><\/dl><dl class='gallery-item'>\n\t\t\t<dt class='gallery-icon portrait'>\n\t\t\t\t<a href='http:\/\/iglesiaortodoxa.org.mx\/informacion\/wp-content\/uploads\/\/2013-04-16-09.22.40.jpg' title=\"\" data-rl_title=\"\" class=\"rl-gallery-link\" data-rl_caption=\"\" data-rel=\"lightbox-gallery-1\"><img width=\"150\" height=\"150\" src=\"http:\/\/iglesiaortodoxa.org.mx\/informacion\/wp-content\/uploads\/\/2013-04-16-09.22.40-150x150.jpg\" class=\"attachment-thumbnail size-thumbnail\" alt=\"\" loading=\"lazy\" \/><\/a>\n\t\t\t<\/dt><\/dl><br style=\"clear: both\" \/><dl class='gallery-item'>\n\t\t\t<dt class='gallery-icon landscape'>\n\t\t\t\t<a href='http:\/\/iglesiaortodoxa.org.mx\/informacion\/wp-content\/uploads\/\/2013-04-16-09.22.24.jpg' title=\"\" data-rl_title=\"\" class=\"rl-gallery-link\" data-rl_caption=\"\" data-rel=\"lightbox-gallery-1\"><img width=\"150\" height=\"150\" src=\"http:\/\/iglesiaortodoxa.org.mx\/informacion\/wp-content\/uploads\/\/2013-04-16-09.22.24-150x150.jpg\" class=\"attachment-thumbnail size-thumbnail\" alt=\"\" loading=\"lazy\" \/><\/a>\n\t\t\t<\/dt><\/dl><dl class='gallery-item'>\n\t\t\t<dt class='gallery-icon landscape'>\n\t\t\t\t<a href='http:\/\/iglesiaortodoxa.org.mx\/informacion\/wp-content\/uploads\/\/2013-04-16-09.56.58.jpg' title=\"\" data-rl_title=\"\" class=\"rl-gallery-link\" data-rl_caption=\"\" data-rel=\"lightbox-gallery-1\"><img width=\"150\" height=\"150\" src=\"http:\/\/iglesiaortodoxa.org.mx\/informacion\/wp-content\/uploads\/\/2013-04-16-09.56.58-150x150.jpg\" class=\"attachment-thumbnail size-thumbnail\" alt=\"\" loading=\"lazy\" \/><\/a>\n\t\t\t<\/dt><\/dl><dl class='gallery-item'>\n\t\t\t<dt class='gallery-icon landscape'>\n\t\t\t\t<a href='http:\/\/iglesiaortodoxa.org.mx\/informacion\/wp-content\/uploads\/\/2013-04-16-09.56.54.jpg' title=\"\" data-rl_title=\"\" class=\"rl-gallery-link\" data-rl_caption=\"\" data-rel=\"lightbox-gallery-1\"><img width=\"150\" height=\"150\" src=\"http:\/\/iglesiaortodoxa.org.mx\/informacion\/wp-content\/uploads\/\/2013-04-16-09.56.54-150x150.jpg\" class=\"attachment-thumbnail size-thumbnail\" alt=\"\" loading=\"lazy\" \/><\/a>\n\t\t\t<\/dt><\/dl><br style=\"clear: both\" \/><dl class='gallery-item'>\n\t\t\t<dt class='gallery-icon landscape'>\n\t\t\t\t<a href='http:\/\/iglesiaortodoxa.org.mx\/informacion\/wp-content\/uploads\/\/2013-04-16-09.56.55.jpg' title=\"\" data-rl_title=\"\" class=\"rl-gallery-link\" data-rl_caption=\"\" data-rel=\"lightbox-gallery-1\"><img width=\"150\" height=\"150\" src=\"http:\/\/iglesiaortodoxa.org.mx\/informacion\/wp-content\/uploads\/\/2013-04-16-09.56.55-150x150.jpg\" class=\"attachment-thumbnail size-thumbnail\" alt=\"\" loading=\"lazy\" \/><\/a>\n\t\t\t<\/dt><\/dl><dl class='gallery-item'>\n\t\t\t<dt class='gallery-icon landscape'>\n\t\t\t\t<a href='http:\/\/iglesiaortodoxa.org.mx\/informacion\/wp-content\/uploads\/\/2013-04-16-09.56.49.jpg' title=\"\" data-rl_title=\"\" class=\"rl-gallery-link\" data-rl_caption=\"\" data-rel=\"lightbox-gallery-1\"><img width=\"150\" height=\"150\" src=\"http:\/\/iglesiaortodoxa.org.mx\/informacion\/wp-content\/uploads\/\/2013-04-16-09.56.49-150x150.jpg\" class=\"attachment-thumbnail size-thumbnail\" alt=\"\" loading=\"lazy\" \/><\/a>\n\t\t\t<\/dt><\/dl><dl class='gallery-item'>\n\t\t\t<dt class='gallery-icon landscape'>\n\t\t\t\t<a href='http:\/\/iglesiaortodoxa.org.mx\/informacion\/wp-content\/uploads\/\/2013-04-16-09.56.45.jpg' title=\"\" data-rl_title=\"\" class=\"rl-gallery-link\" data-rl_caption=\"\" data-rel=\"lightbox-gallery-1\"><img width=\"150\" height=\"150\" src=\"http:\/\/iglesiaortodoxa.org.mx\/informacion\/wp-content\/uploads\/\/2013-04-16-09.56.45-150x150.jpg\" class=\"attachment-thumbnail size-thumbnail\" alt=\"\" loading=\"lazy\" \/><\/a>\n\t\t\t<\/dt><\/dl><br style=\"clear: both\" \/><dl class='gallery-item'>\n\t\t\t<dt class='gallery-icon landscape'>\n\t\t\t\t<a href='http:\/\/iglesiaortodoxa.org.mx\/informacion\/wp-content\/uploads\/\/2013-04-16-09.56.41.jpg' title=\"\" data-rl_title=\"\" class=\"rl-gallery-link\" data-rl_caption=\"\" data-rel=\"lightbox-gallery-1\"><img width=\"150\" height=\"150\" src=\"http:\/\/iglesiaortodoxa.org.mx\/informacion\/wp-content\/uploads\/\/2013-04-16-09.56.41-150x150.jpg\" class=\"attachment-thumbnail size-thumbnail\" alt=\"\" loading=\"lazy\" \/><\/a>\n\t\t\t<\/dt><\/dl><dl class='gallery-item'>\n\t\t\t<dt class='gallery-icon landscape'>\n\t\t\t\t<a href='http:\/\/iglesiaortodoxa.org.mx\/informacion\/wp-content\/uploads\/\/5482_10151340954911881_2096365455_n.jpg' title=\"\" data-rl_title=\"\" class=\"rl-gallery-link\" data-rl_caption=\"\" data-rel=\"lightbox-gallery-1\"><img width=\"150\" height=\"150\" src=\"http:\/\/iglesiaortodoxa.org.mx\/informacion\/wp-content\/uploads\/\/5482_10151340954911881_2096365455_n-150x150.jpg\" class=\"attachment-thumbnail size-thumbnail\" alt=\"\" loading=\"lazy\" \/><\/a>\n\t\t\t<\/dt><\/dl><dl class='gallery-item'>\n\t\t\t<dt class='gallery-icon landscape'>\n\t\t\t\t<a href='http:\/\/iglesiaortodoxa.org.mx\/informacion\/wp-content\/uploads\/\/2013-04-16-09.56.52.jpg' title=\"\" data-rl_title=\"\" class=\"rl-gallery-link\" data-rl_caption=\"\" data-rel=\"lightbox-gallery-1\"><img width=\"150\" height=\"150\" src=\"http:\/\/iglesiaortodoxa.org.mx\/informacion\/wp-content\/uploads\/\/2013-04-16-09.56.52-150x150.jpg\" class=\"attachment-thumbnail size-thumbnail\" alt=\"\" loading=\"lazy\" \/><\/a>\n\t\t\t<\/dt><\/dl><br style=\"clear: both\" \/><dl class='gallery-item'>\n\t\t\t<dt class='gallery-icon landscape'>\n\t\t\t\t<a href='http:\/\/iglesiaortodoxa.org.mx\/informacion\/wp-content\/uploads\/\/2013-04-16-09.56.31.jpg' title=\"\" data-rl_title=\"\" class=\"rl-gallery-link\" data-rl_caption=\"\" data-rel=\"lightbox-gallery-1\"><img width=\"150\" height=\"150\" src=\"http:\/\/iglesiaortodoxa.org.mx\/informacion\/wp-content\/uploads\/\/2013-04-16-09.56.31-150x150.jpg\" class=\"attachment-thumbnail size-thumbnail\" alt=\"\" loading=\"lazy\" \/><\/a>\n\t\t\t<\/dt><\/dl><dl class='gallery-item'>\n\t\t\t<dt class='gallery-icon landscape'>\n\t\t\t\t<a href='http:\/\/iglesiaortodoxa.org.mx\/informacion\/wp-content\/uploads\/\/2013-04-16-09.56.07.jpg' title=\"\" data-rl_title=\"\" class=\"rl-gallery-link\" data-rl_caption=\"\" data-rel=\"lightbox-gallery-1\"><img width=\"150\" height=\"150\" src=\"http:\/\/iglesiaortodoxa.org.mx\/informacion\/wp-content\/uploads\/\/2013-04-16-09.56.07-150x150.jpg\" class=\"attachment-thumbnail size-thumbnail\" alt=\"\" loading=\"lazy\" \/><\/a>\n\t\t\t<\/dt><\/dl><dl class='gallery-item'>\n\t\t\t<dt class='gallery-icon landscape'>\n\t\t\t\t<a href='http:\/\/iglesiaortodoxa.org.mx\/informacion\/wp-content\/uploads\/\/2013-04-16-09.57.03.jpg' title=\"\" data-rl_title=\"\" class=\"rl-gallery-link\" data-rl_caption=\"\" data-rel=\"lightbox-gallery-1\"><img width=\"150\" height=\"150\" src=\"http:\/\/iglesiaortodoxa.org.mx\/informacion\/wp-content\/uploads\/\/2013-04-16-09.57.03-150x150.jpg\" class=\"attachment-thumbnail size-thumbnail\" alt=\"\" loading=\"lazy\" \/><\/a>\n\t\t\t<\/dt><\/dl><br style=\"clear: both\" \/><dl class='gallery-item'>\n\t\t\t<dt class='gallery-icon landscape'>\n\t\t\t\t<a href='http:\/\/iglesiaortodoxa.org.mx\/informacion\/wp-content\/uploads\/\/2013-04-16-09.21.18.jpg' title=\"\" data-rl_title=\"\" class=\"rl-gallery-link\" data-rl_caption=\"\" data-rel=\"lightbox-gallery-1\"><img width=\"150\" height=\"150\" src=\"http:\/\/iglesiaortodoxa.org.mx\/informacion\/wp-content\/uploads\/\/2013-04-16-09.21.18-150x150.jpg\" class=\"attachment-thumbnail size-thumbnail\" alt=\"\" loading=\"lazy\" \/><\/a>\n\t\t\t<\/dt><\/dl><dl class='gallery-item'>\n\t\t\t<dt class='gallery-icon landscape'>\n\t\t\t\t<a href='http:\/\/iglesiaortodoxa.org.mx\/informacion\/wp-content\/uploads\/\/2013-04-16-09.21.14.jpg' title=\"\" data-rl_title=\"\" class=\"rl-gallery-link\" data-rl_caption=\"\" data-rel=\"lightbox-gallery-1\"><img width=\"150\" height=\"150\" src=\"http:\/\/iglesiaortodoxa.org.mx\/informacion\/wp-content\/uploads\/\/2013-04-16-09.21.14-150x150.jpg\" class=\"attachment-thumbnail size-thumbnail\" alt=\"\" loading=\"lazy\" \/><\/a>\n\t\t\t<\/dt><\/dl><dl class='gallery-item'>\n\t\t\t<dt class='gallery-icon landscape'>\n\t\t\t\t<a href='http:\/\/iglesiaortodoxa.org.mx\/informacion\/wp-content\/uploads\/\/2013-04-16-09.21.02.jpg' title=\"\" data-rl_title=\"\" class=\"rl-gallery-link\" data-rl_caption=\"\" data-rel=\"lightbox-gallery-1\"><img width=\"150\" height=\"150\" src=\"http:\/\/iglesiaortodoxa.org.mx\/informacion\/wp-content\/uploads\/\/2013-04-16-09.21.02-150x150.jpg\" class=\"attachment-thumbnail size-thumbnail\" alt=\"\" loading=\"lazy\" \/><\/a>\n\t\t\t<\/dt><\/dl><br style=\"clear: both\" \/><dl class='gallery-item'>\n\t\t\t<dt class='gallery-icon landscape'>\n\t\t\t\t<a href='http:\/\/iglesiaortodoxa.org.mx\/informacion\/wp-content\/uploads\/\/420888_10151340955171881_160694171_n.jpg' title=\"\" data-rl_title=\"\" class=\"rl-gallery-link\" data-rl_caption=\"\" data-rel=\"lightbox-gallery-1\"><img width=\"150\" height=\"150\" src=\"http:\/\/iglesiaortodoxa.org.mx\/informacion\/wp-content\/uploads\/\/420888_10151340955171881_160694171_n-150x150.jpg\" class=\"attachment-thumbnail size-thumbnail\" alt=\"\" loading=\"lazy\" \/><\/a>\n\t\t\t<\/dt><\/dl><dl class='gallery-item'>\n\t\t\t<dt class='gallery-icon landscape'>\n\t\t\t\t<a href='http:\/\/iglesiaortodoxa.org.mx\/informacion\/wp-content\/uploads\/\/541466_10151340955321881_957047243_n.jpg' title=\"\" data-rl_title=\"\" class=\"rl-gallery-link\" data-rl_caption=\"\" data-rel=\"lightbox-gallery-1\"><img width=\"150\" height=\"150\" src=\"http:\/\/iglesiaortodoxa.org.mx\/informacion\/wp-content\/uploads\/\/541466_10151340955321881_957047243_n-150x150.jpg\" class=\"attachment-thumbnail size-thumbnail\" alt=\"\" loading=\"lazy\" \/><\/a>\n\t\t\t<\/dt><\/dl>\n\t\t\t<br style='clear: both' \/>\n\t\t<\/div>\n\n","protected":false},"excerpt":{"rendered":"<p>Su Eminencia Antonio Chedraoui, Arzobispo Metropolitano de M\u00e9xico, Venezuela, Centroam\u00e9rica y el Caribe, fu\u00e9 invitado este martes 16 de Abril del presente a\u00f1o a impartir una conferencia sobre el tema de &#8220;Pol\u00edtica y Religi\u00f3n&#8221;, en la conferencia Sayedna Antonio habl\u00f3 sobre la relaci\u00f3n Iglesia-Estado a nivel mundial hist\u00f3ricamente y posteriormente habl\u00f3 sobre la relaci\u00f3n Iglesia-Estado [&hellip;]<\/p>\n","protected":false},"author":13,"featured_media":0,"comment_status":"closed","ping_status":"closed","sticky":true,"template":"","format":"standard","meta":{"_bbp_topic_count":0,"_bbp_reply_count":0,"_bbp_total_topic_count":0,"_bbp_total_reply_count":0,"_bbp_voice_count":0,"_bbp_anonymous_reply_count":0,"_bbp_topic_count_hidden":0,"_bbp_reply_count_hidden":0,"_bbp_forum_subforum_count":0},"categories":[3],"tags":[],"_links":{"self":[{"href":"http:\/\/iglesiaortodoxa.org.mx\/informacion\/wp-json\/wp\/v2\/posts\/9059"}],"collection":[{"href":"http:\/\/iglesiaortodoxa.org.mx\/informacion\/wp-json\/wp\/v2\/posts"}],"about":[{"href":"http:\/\/iglesiaortodoxa.org.mx\/informacion\/wp-json\/wp\/v2\/types\/post"}],"author":[{"embeddable":true,"href":"http:\/\/iglesiaortodoxa.org.mx\/informacion\/wp-json\/wp\/v2\/users\/13"}],"replies":[{"embeddable":true,"href":"http:\/\/iglesiaortodoxa.org.mx\/informacion\/wp-json\/wp\/v2\/comments?post=9059"}],"version-history":[{"count":2,"href":"http:\/\/iglesiaortodoxa.org.mx\/informacion\/wp-json\/wp\/v2\/posts\/9059\/revisions"}],"predecessor-version":[{"id":9082,"href":"http:\/\/iglesiaortodoxa.org.mx\/informacion\/wp-json\/wp\/v2\/posts\/9059\/revisions\/9082"}],"wp:attachment":[{"href":"http:\/\/iglesiaortodoxa.org.mx\/informacion\/wp-json\/wp\/v2\/media?parent=9059"}],"wp:term":[{"taxonomy":"category","embeddable":true,"href":"http:\/\/iglesiaortodoxa.org.mx\/informacion\/wp-json\/wp\/v2\/categories?post=9059"},{"taxonomy":"post_tag","embeddable":true,"href":"http:\/\/iglesiaortodoxa.org.mx\/informacion\/wp-json\/wp\/v2\/tags?post=9059"}],"curies":[{"name":"wp","href":"https:\/\/api.w.org\/{rel}","templated":true}]}}