{"id":6646,"date":"2012-05-31T09:11:02","date_gmt":"2012-05-31T15:11:02","guid":{"rendered":"http:\/\/www.iglesiaortodoxa.org.mx\/informacion\/?p=6646"},"modified":"2013-01-08T13:47:05","modified_gmt":"2013-01-08T19:47:05","slug":"boletin-del-03062012","status":"publish","type":"post","link":"http:\/\/iglesiaortodoxa.org.mx\/informacion\/2012\/05\/boletin-del-03062012\/","title":{"rendered":"Bolet\u00edn del 03\/06\/2012"},"content":{"rendered":"<h2 style=\"text-align: center;\"><span style=\"color: #ff0000;\">Domingo de Pentecost\u00e9s<\/span><\/h2>\n<p style=\"text-align: center;\"><a href=\"http:\/\/www.iglesiaortodoxa.org.mx\/informacion\/wp-content\/uploads\/\/Icono+de+Pentecost\u00e9s1.jpg\" data-rel=\"lightbox-image-0\" data-rl_title=\"\" data-rl_caption=\"\"><img loading=\"lazy\" class=\"aligncenter size-full wp-image-6647\" title=\"\" src=\"http:\/\/www.iglesiaortodoxa.org.mx\/informacion\/wp-content\/uploads\/\/Icono+de+Pentecost\u00e9s1.jpg\" alt=\"\" width=\"296\" height=\"400\" srcset=\"http:\/\/iglesiaortodoxa.org.mx\/informacion\/wp-content\/uploads\/Icono+de+Pentecost\u00e9s1.jpg 296w, http:\/\/iglesiaortodoxa.org.mx\/informacion\/wp-content\/uploads\/Icono+de+Pentecost\u00e9s1-222x300.jpg 222w\" sizes=\"(max-width: 296px) 100vw, 296px\" \/><\/a><\/p>\n<blockquote>\n<address>Oh Sant\u00edsimo Esp\u00edritu que procedes del Padre<\/address>\n<address>y que, por el Hijo, vienes sobre los \u00a0iletrados Disc\u00edpulos:<\/address>\n<address>salva y santifica a todos los que te reconocen como Dios.<\/address>\n<address><em>\u00a0 \u00a0 \u00a0 \u00a0 \u00a0 \u00a0 \u00a0 \u00a0 \u00a0 \u00a0 \u00a0 \u00a0 \u00a0 \u00a0 \u00a0 \u00a0 \u00a0 \u00a0 \u00a0 \u00a0 \u00a0 \u00a0 \u00a0 \u00a0 \u00a0 \u00a0 \u00a0 \u00a0 \u00a0 \u00a0 \u00a0 \u00a0 \u00a0 \u00a0 \u00a0 \u00a0 \u00a0 \u00a0 \u00a0 \u00a0 \u00a0 \u00a0 \u00a0 \u00a0 \u00a0 \u00a0 \u00a0 \u00a0 \u00a0 \u00a0 \u00a0 \u00a0 \u00a0 \u00a0 \u00a0\u00a0<\/em>Exapostelario<\/address>\n<\/blockquote>\n<h3><span style=\"color: #ff0000;\">Himnos del Liturgia<\/span><\/h3>\n<h4>Tropario Domingo de Pentecost\u00e9s<\/h4>\n<h4>Tono 8<\/h4>\n<address><a href=\"http:\/\/www.iglesiaortodoxa.org.mx\/informacion\/002-audio\/troparios\/fiestas_grandes-17-Pentecostes.mp3\" target=\"_blank\"><img loading=\"lazy\" class=\"alignleft  wp-image-6657\" style=\"margin: 4px;\" title=\"audio1\" src=\"http:\/\/www.iglesiaortodoxa.org.mx\/informacion\/wp-content\/uploads\/\/audio112.jpg\" alt=\"\" width=\"43\" height=\"43\" \/><\/a>\u00a1Bendito eres T\u00fa, oh Cristo Dios nuestro,<\/address>\n<address>que mostraste a los pescadores sapient\u00edsimos<\/address>\n<address>cuando enviaste sobre ellos el Esp\u00edritu Santo,<\/address>\n<address>y por ellos el universo pescaste!<\/address>\n<address>\u00a1oh Amante de la humanidad, gloria a Ti!<\/address>\n<h4>Condaquio Domingo de Pentecost\u00e9s<\/h4>\n<h4>Tono 8<\/h4>\n<address><a href=\"http:\/\/www.iglesiaortodoxa.org.mx\/informacion\/002-audio\/troparios\/Con_Pentecostes.mp3\" target=\"_blank\"><img loading=\"lazy\" class=\"alignleft  wp-image-6657\" style=\"margin: 4px;\" title=\"audio1\" src=\"http:\/\/www.iglesiaortodoxa.org.mx\/informacion\/wp-content\/uploads\/\/audio112.jpg\" alt=\"\" width=\"43\" height=\"43\" \/><\/a>Cuando el Alt\u00edsimo descendi\u00f3 en Babel,<\/address>\n<address>confundiendo las lenguas, dispers\u00f3 las naciones;<\/address>\n<address>mas cuando reparti\u00f3 las lenguas de fuego,<\/address>\n<address>llam\u00f3 a todos a la unidad. Por lo cual,<\/address>\n<address>glorificamos un\u00e1nimemente al Sant\u00edsimo Esp\u00edritu.<\/address>\n<h3 style=\"text-align: justify;\"><span style=\"color: #ff0000;\">Lecturas B\u00edblicas<\/span><\/h3>\n<h4 style=\"text-align: justify;\">Hechos de los Ap\u00f3stoles (2: 1-11)<\/h4>\n<p style=\"text-align: justify;\">Al llegar el d\u00eda de Pentecost\u00e9s, estaban todos reunidos en un mismo lugar. De repente vino del cielo un ruido como el de una r\u00e1faga de viento impetuoso, que llen\u00f3 toda la casa en la que se encontraban. Se les aparecieron unas lenguas como de fuego que se repartieron y se posaron sobre cada uno de ellos; quedaron todos llenos del Esp\u00edritu Santo y se pusieron a hablar en otras lenguas, seg\u00fan el Esp\u00edritu les conced\u00eda expresarse. Hab\u00eda en Jerusal\u00e9n jud\u00edos, hombres piadosos que all\u00ed resid\u00edan, venidos de todas las naciones que hay bajo el cielo. Al producirse aquel ruido la gente se congreg\u00f3 y se llen\u00f3 de estupor al o\u00edrles hablar cada uno en su propia lengua. Estupefactos y admirados dec\u00edan: \u00ab\u00bfEs que no son galileos todos estos que est\u00e1n hablando? Pues, \u00bfc\u00f3mo cada uno de nosotros les o\u00edmos en nuestra propia lengua nativa? Partos, medos y elamitas; habitantes de Mesopotamia, Judea, Capadocia, el Ponto, Asia, Frigia, Panfilia, Egipto, la parte de Libia fronteriza con Cirene, forasteros romanos, jud\u00edos y pros\u00e9litos, cretenses y \u00e1rabes, todos les o\u00edmos hablar en nuestra lengua las maravillas de Dios.\u00bb<\/p>\n<h4 style=\"text-align: justify;\">Evangelio seg\u00fan San Juan (7: 37-52; 8:12)<\/h4>\n<p style=\"text-align: justify;\">En el \u00faltimo d\u00eda de la fiesta, que es el m\u00e1s solemne, Jes\u00fas se puso de pie, y alzo la voz diciendo: \u00abSi alguno tiene sed, venga a M\u00ed y beba. El que crea en M\u00ed, como dice la Escritura, de su interior emanar\u00e1n r\u00edos de agua viva.\u00bb Esto lo dijo refiri\u00e9ndose al Esp\u00edritu Santo, que iban a recibir los que creyesen en \u00c9l; pues a\u00fan no hab\u00eda venido el Esp\u00edritu Santo, porque Jes\u00fas todav\u00eda no hab\u00eda sido glorificado. Muchos entre la gente, al escuchar estas palabras, dec\u00edan: \u00ab\u00c9ste ciertamente es el profeta.\u00bb Otros dec\u00edan: \u00ab\u00c9ste es el Cristo.\u00bb Mas algunos replicaban: \u00ab\u00bfPor ventura el Cristo va a venir de Galilea? \u00bfNo dice la Escritura que del linaje de David, y de Bel\u00e9n, donde David moraba, vendr\u00e1 el Cristo?\u00bb Con esto, se suscitaron disputas entre la gente del pueblo sobre \u00c9l. Algunos de ellos quer\u00edan prenderlo, pero nadie le ech\u00f3 mano. Los guardias volvieron a los sumos sacerdotes y fariseos, y \u00e9stos les dijeron: \u00ab\u00bfPor qu\u00e9 no lo han tra\u00eddo?\u00bb Respondieron los guardias: \u00abJam\u00e1s hombre alguno ha hablado como habla este hombre.\u00bb Les dijeron los fariseos: \u00ab\u00bfTambi\u00e9n ustedes se han dejado enga\u00f1ar? \u00bfAcaso alg\u00fan magistrado o fariseo ha cre\u00eddo en \u00c9l? Pero esa gente que no conoce la Ley son unos malditos.\u00bb Les respondi\u00f3 Nicodemo, el que hab\u00eda ido antes a ver a Jes\u00fas y que era uno de ellos: \u00ab\u00bfAcaso nuestra Ley condena a un hombre sin haberle o\u00eddo primero y sin saber lo que hace?\u00bb Le respondieron as\u00ed: \u00ab\u00bfEs que t\u00fa tambi\u00e9n eres de Galileo? Examina bien las Escrituras, y ver\u00e1s que de Galilea no ha salido ning\u00fan profeta.\u00bb<\/p>\n<p style=\"text-align: justify;\">Jes\u00fas les habl\u00f3 de nuevo y dijo: \u00abYo soy la Luz del mundo. El que me siga no caminar\u00e1 a oscuras, sino que tendr\u00e1 la luz de la vida.<\/p>\n<h3 style=\"text-align: justify;\"><span style=\"color: #ff0000;\">Mensaje Pastoral<\/span><\/h3>\n<h4>Pentecost\u00e9s<\/h4>\n<p style=\"text-align: justify;\">He aqu\u00ed a los disc\u00edpulos reunidos en Jerusal\u00e9n, tal como lo hab\u00eda mandado el Se\u00f1or el d\u00eda de su Ascensi\u00f3n: \u00abque no se ausentasen de Jerusal\u00e9n, sino que aguardasen la promesa del Padre\u00bb (Hch 1:4).<\/p>\n<p style=\"text-align: justify;\"><a href=\"http:\/\/www.iglesiaortodoxa.org.mx\/informacion\/wp-content\/uploads\/\/pentecostes0121.jpg\" data-rel=\"lightbox-image-1\" data-rl_title=\"\" data-rl_caption=\"\"><img loading=\"lazy\" class=\"alignleft  wp-image-6653\" style=\"margin: 8px;\" title=\"\" src=\"http:\/\/www.iglesiaortodoxa.org.mx\/informacion\/wp-content\/uploads\/\/pentecostes0121.jpg\" alt=\"\" width=\"162\" height=\"107\" srcset=\"http:\/\/iglesiaortodoxa.org.mx\/informacion\/wp-content\/uploads\/pentecostes0121.jpg 450w, http:\/\/iglesiaortodoxa.org.mx\/informacion\/wp-content\/uploads\/pentecostes0121-300x198.jpg 300w\" sizes=\"(max-width: 162px) 100vw, 162px\" \/><\/a>\u00abAl llegar el d\u00eda de Pentecost\u00e9s, estaban todos reunidos en un mismo lugar.\u00bb Pentecost\u00e9s es el nombre de la fiesta jud\u00eda\u00a0 \u2013cincuenta d\u00edas despu\u00e9s de Pascua (la palabra es de origen griego y forma un derivado del n\u00famero \u00abcincuenta\u00bb)\u2013 en la cual recordaban la entrega de los diez mandamientos a Mois\u00e9s y tambi\u00e9n la renovaci\u00f3n del templo de Jerusal\u00e9n en el tercer siglo antes de Cristo. Eso explica la presencia de muchos jud\u00edos de todas las naciones en la Ciudad, que dar\u00edan cr\u00e9dito del acontecimiento divino: \u00abHab\u00eda en Jerusal\u00e9n jud\u00edos, hombres piadosos que all\u00ed resid\u00edan, venidos de todas la naciones que hay bajo el cielo.\u00bb<\/p>\n<p style=\"text-align: justify;\">Entonces, en aquel Pentecost\u00e9s, los ap\u00f3stoles estaban reunidos esperando la promesa. Seguramente se encontraban en la misma estancia superior en la que comieron la Pascua con Cristo. En el icono de la fiesta se ve atr\u00e1s de ellos un edificio elegante que adorna la escena, mas el acontecimiento no ocurre adentro, el lugar no lo contiene; la reuni\u00f3n de los ap\u00f3stoles est\u00e1 por encima del tiempo y del espacio, y lo que celebramos hoy no es solo un evento que aconteci\u00f3 en aquel Pentecost\u00e9s sino la realidad de que, a partir de ese d\u00eda, la Iglesia vive un Pentecost\u00e9s constante: el descenso del Esp\u00edritu Santo sobre los fieles. \u00c9l, Quien les otorga la potestad y la posibilidad\u00a0\u00a0 de\u00a0\u00a0 llamar\u00a0\u00a0 a\u00a0\u00a0 Dios\u00a0\u00a0 \u00abAbba,\u00a0\u00a0 Padre\u00bb\u00a0 (Gal 4:6); sin \u00c9l \u00abnadie puede decir \u00a1Jes\u00fas es el Se\u00f1or!\u00bb (1Cor 12:3), ya que \u00c9l, como Jes\u00fas nos ha prometido, \u00abos lo ense\u00f1ar\u00e1 todo y os recordar\u00e1 todo lo que Yo os he dicho\u00bb (Jn 14:26).<\/p>\n<p style=\"text-align: justify;\">\u00abDe repente vino del cielo un ruido como el de una r\u00e1faga de viento impetuoso, <a href=\"http:\/\/www.iglesiaortodoxa.org.mx\/informacion\/wp-content\/uploads\/\/pentecostes025.jpg\" data-rel=\"lightbox-image-2\" data-rl_title=\"\" data-rl_caption=\"\"><img loading=\"lazy\" class=\"alignright  wp-image-6654\" style=\"margin: 8px;\" title=\"\" src=\"http:\/\/www.iglesiaortodoxa.org.mx\/informacion\/wp-content\/uploads\/\/pentecostes025.jpg\" alt=\"\" width=\"129\" height=\"118\" srcset=\"http:\/\/iglesiaortodoxa.org.mx\/informacion\/wp-content\/uploads\/pentecostes025.jpg 448w, http:\/\/iglesiaortodoxa.org.mx\/informacion\/wp-content\/uploads\/pentecostes025-300x274.jpg 300w\" sizes=\"(max-width: 129px) 100vw, 129px\" \/><\/a>que llen\u00f3 toda la casa en la que se encontraban\u00bb; viento, ruido y fuego siempre han sido se\u00f1ales de la presencia de Dios: el Esp\u00edritu Santo que desciende sobre los ap\u00f3stoles es Dios, es la tercera Persona de la Sant\u00edsima Trinidad, a Quien anunciamos en el Credo que \u00abcon el Padre y el Hijo es juntamente adorado y glorificado\u00bb.<\/p>\n<p style=\"text-align: justify;\">\u00abSe les aparecieron unas lenguas como de fuego que se repartieron y se posaron sobre cada uno de ellos.\u00bb El icono ilustra las lenguas surgidas de la misma fuente. El mismo Esp\u00edritu Santo desciende sobre los reunidos y sobre cada uno de ellos personalmente; se les otorga como un don personal que, aunque obra en ellos a trav\u00e9s de diferentes carismas, les une en la fe com\u00fan, a fin de que formen los miembros diversos pero del mismo cuerpo m\u00edstico, la Iglesia, cuya Cabeza es el Se\u00f1or: \u00abHay diversidad de carismas, pero el Esp\u00edritu es el mismo\u00bb (1Cor 12:4). Y el bautizado, a su vez, al ser ungido con el santo Crisma, recibe su propio Pentecost\u00e9s: \u00abel sello del don del Esp\u00edritu Santo\u00bb, como exclama el sacerdote mientras sella el cuerpo del ya disc\u00edpulo con la Unci\u00f3n.<\/p>\n<p style=\"text-align: justify;\">En el icono, los ap\u00f3stoles que se presentan son, del lado derecho: Pablo, Juan, Lucas, Andr\u00e9s, Bartolom\u00e9 y Felipe; y de lado izquierdo: Pedro, Mateo, Marcos, Santiago, Sim\u00f3n y Tomas. Esta presentaci\u00f3n, y en el orden mismo, es la que podemos observar en los iconostasios de todos los templos ortodoxos. N\u00f3tese que hay tres ap\u00f3stoles que realmente no forman parte del grupo de los Doce: Pablo, Lucas y Marcos; la importancia de su obra en la Iglesia hizo necesario que se contaran entre los ap\u00f3stoles en el recuadro de Pentecost\u00e9s. El icon\u00f3grafo, como un te\u00f3logo, expresa el significado de \u00abap\u00f3stol\u00bb en un sentido m\u00e1s amplio pasando por alto la restricci\u00f3n literal del concepto. Pablo es el ap\u00f3stol de las naciones, y Marcos y Lucas son dos de los cuatro Evangelistas cuya labor ha sido fundamental en la difusi\u00f3n y conservaci\u00f3n de la fe.<\/p>\n<p style=\"text-align: justify;\"><a href=\"http:\/\/www.iglesiaortodoxa.org.mx\/informacion\/wp-content\/uploads\/\/pentecostes.jpg\" data-rel=\"lightbox-image-3\" data-rl_title=\"\" data-rl_caption=\"\"><img loading=\"lazy\" class=\"alignleft size-medium wp-image-6672\" style=\"margin: 8px;\" title=\"\" src=\"http:\/\/www.iglesiaortodoxa.org.mx\/informacion\/wp-content\/uploads\/\/pentecostes-300x175.jpg\" alt=\"\" width=\"300\" height=\"175\" srcset=\"http:\/\/iglesiaortodoxa.org.mx\/informacion\/wp-content\/uploads\/pentecostes-300x175.jpg 300w, http:\/\/iglesiaortodoxa.org.mx\/informacion\/wp-content\/uploads\/pentecostes.jpg 559w\" sizes=\"(max-width: 300px) 100vw, 300px\" \/><\/a>El icono tambi\u00e9n ilustra un detalle expresivo: el rey coronado que representa a las naciones, el cosmos que espera \u00abel Don del Esp\u00edritu Santo\u00bb; encarcelado en una cueva oscura, que todav\u00eda no ha sido iluminado con la Luz de Cristo; un viejo cansado que lleva sobre s\u00ed el pecado del hombre ca\u00eddo; reh\u00e9n del jefe de este mundo, Satan\u00e1s; humilde y tranquilo, que lleva un lienzo con doce manuscritos que simbolizan las voces de los ap\u00f3stoles. En pocas palabras, el icono nos ilustra dos planes: el del mundo nuevo, el universo divinizado y ardiente por el fuego divino; y el del rey recluido en su oscuridad, no le satisfacen las joyas de este mundo que lo adornan sino que espera la Luz y anhela la lluvia que viene del cielo e inunda con gracia abundante la tierra sedienta.<\/p>\n<p style=\"text-align: justify;\">La lucha del cristiano es brincar del encerramiento de su mundo inferior a la \u00abestancia superior\u00bb, donde la flama del Esp\u00edritu Santo encender\u00e1 su coraz\u00f3n, quemando las espinas del pecado e iluminando todo su ser.<\/p>\n<h3 style=\"text-align: justify;\"><span style=\"color: #ff0000;\">Nuestra Fe y Tradici\u00f3n<\/span><\/h3>\n<h4><span style=\"color: #000000;\">Postraci\u00f3n en Pentecost\u00e9s<\/span><\/h4>\n<p style=\"text-align: justify;\">El domingo de Pentecost\u00e9s, despu\u00e9s de la Divina Liturgia, participaremos en <em>el Servicio de la Postraci\u00f3n. <\/em>Doblamos las rodillas ante el Esp\u00edritu Santo que desciende sobre los Ap\u00f3stoles y sobre toda la Iglesia reunida. \u00bfQu\u00e9 es lo que ofrecemos al hacerlo?<\/p>\n<p style=\"text-align: justify;\">Dios\u00a0como misericordioso no forza nuestra libertad, y nos pide siempre correspondencia y consentimiento, lo que nosotros hoy expresamos en postraci\u00f3n ante \u00c9l y exclamamos: Esp\u00edritu de Verdad, \u00abVen\u00a0a habitar en nosotros, purif\u00edcanos de toda mancha y salva, T\u00fa que eres bueno, nuestras almas\u00bb.\u00a0Am\u00e9n.<\/p>\n<h4 style=\"text-align: justify;\">Iglesia Una Santa Cat\u00f3lica Apost\u00f3lica<\/h4>\n<p style=\"text-align: justify;\"><a href=\"http:\/\/www.iglesiaortodoxa.org.mx\/informacion\/wp-content\/uploads\/\/73_8_4a057d054b3be.jpg\" data-rel=\"lightbox-image-4\" data-rl_title=\"\" data-rl_caption=\"\"><img loading=\"lazy\" class=\"alignleft  wp-image-6655\" style=\"margin: 8px;\" title=\"\" src=\"http:\/\/www.iglesiaortodoxa.org.mx\/informacion\/wp-content\/uploads\/\/73_8_4a057d054b3be.jpg\" alt=\"\" width=\"124\" height=\"168\" srcset=\"http:\/\/iglesiaortodoxa.org.mx\/informacion\/wp-content\/uploads\/73_8_4a057d054b3be.jpg 259w, http:\/\/iglesiaortodoxa.org.mx\/informacion\/wp-content\/uploads\/73_8_4a057d054b3be-222x300.jpg 222w\" sizes=\"(max-width: 124px) 100vw, 124px\" \/><\/a>Nuestro Se\u00f1or Jesucristo fund\u00f3 una sola Iglesia. La Iglesia Una, Santa, Cat\u00f3lica y Apost\u00f3lica. El significado de cada una de las caracter\u00edsticas enunciadas es:<\/p>\n<p style=\"text-align: justify;\">UNA: La Iglesia es Una porque es un solo Cuerpo espiritual, tiene una sola Cabeza: Jesucristo, y est\u00e1 animada por un solo Esp\u00edritu, el Esp\u00edritu de Dios (Ef. 1:22-23, 4:4-6; 1a.Co. 3:11). La unidad de la Iglesia se expresa en la misma confesi\u00f3n de Fe, en la Comuni\u00f3n en las Oraciones y en los Sacramentos.<\/p>\n<p style=\"text-align: justify;\">SANTA: Porque es Santa como su base, Nuestro Se\u00f1or Jesucristo, y porque en Ella mora el Esp\u00edritu Santo, que siempre la santifica (Jn.14:16).<\/p>\n<p style=\"text-align: justify;\">CAT\u00d3LICA: &#8220;Universal o Ecum\u00e9nica&#8221;, del griego Katholiki. Porque su mensaje est\u00e1 destinado a todos los hombres de todos los lugares, tiempos y pueblos, porque no est\u00e1 limitada por ning\u00fan lugar, tiempo, pueblo, sino al contrario, est\u00e1 abierta para todo aquel que desee unirse a ella (Mt 28:18-19). Cabe decir que este t\u00e9rmino, no es \u00fanicamente de car\u00e1cter geogr\u00e1fico, sino que trasciende el tiempo y el espacio y que su doctrina es permanente.<\/p>\n<p style=\"text-align: justify;\">APOSTOLICA: Porque conserva sin interrupci\u00f3n la doctrina y la sucesi\u00f3n de los dones del Esp\u00edritu Santo, desde el tiempo de los Ap\u00f3stoles (Ef. 2:19-22)<\/p>\n<h3 style=\"text-align: justify;\"><span style=\"color: #ff0000;\">Vida de Santos<\/span><\/h3>\n<h4 style=\"text-align: justify;\">San Doroteo de Tiro, M\u00e1rtir<\/h4>\n<blockquote><p>5 de Junio<\/p><\/blockquote>\n<p style=\"text-align: justify;\">El m\u00e1rtir San Doroteo, era un sacerdote de Tiro y obispo de esa di\u00f3cesis. Durante <a href=\"http:\/\/www.iglesiaortodoxa.org.mx\/informacion\/wp-content\/uploads\/\/05_3.jpg\" data-rel=\"lightbox-image-5\" data-rl_title=\"\" data-rl_caption=\"\"><img loading=\"lazy\" class=\"alignright  wp-image-6656\" style=\"margin: 8px;\" title=\"\" src=\"http:\/\/www.iglesiaortodoxa.org.mx\/informacion\/wp-content\/uploads\/\/05_3.jpg\" alt=\"\" width=\"97\" height=\"135\" srcset=\"http:\/\/iglesiaortodoxa.org.mx\/informacion\/wp-content\/uploads\/05_3.jpg 230w, http:\/\/iglesiaortodoxa.org.mx\/informacion\/wp-content\/uploads\/05_3-214x300.jpg 214w\" sizes=\"(max-width: 97px) 100vw, 97px\" \/><\/a>el reinado de Diocleciano, tras de haber sufrido toda suerte de penurias por la causa de la fe en su ciudad natal, fue por fin desterrado. Un alivio en el rigor de la persecuci\u00f3n le permiti\u00f3 regresar al seno de su reba\u00f1o y asistir al Concilio de Nicea, en 325. Pero en cuanto Juliano el Ap\u00f3stata ocup\u00f3 el trono, se reanud\u00f3 la persecuci\u00f3n y entonces Doroteo huy\u00f3 de nuevo para refugiarse en Odiss\u00f3polis, en la Tracia. Sin embargo, hasta ah\u00ed le acosaron sus perseguidores, que le descubrieron, le aprehendieron y le apalearon tan brutalmente, que muri\u00f3 a consecuencia de los golpes. Se dice que, por entonces, ten\u00eda 107 a\u00f1os.<\/p>\n<h4>Sobre el Esp\u00edritu Santo<\/h4>\n<ul>\n<li>&#8220;Pero cuando venga el Consolador, a quien yo os enviar\u00e9 del Padre, el Esp\u00edritu de verdad, el cual procede del Padre, \u00e9l dar\u00e1 testimonio acerca de m\u00ed.&#8221;<\/li>\n<\/ul>\n<blockquote>\n<p style=\"text-align: right;\">\u00a0(Jn 15:26)<\/p>\n<\/blockquote>\n<ul>\n<li>\u201cOh Santo Esp\u00edritu, \u00a1qu\u00e9 dulce eres para mi esp\u00edritu que no te puedo describir! Pero el alma conoce tu presencia, mientras que otorgas a la mente la paz y al coraz\u00f3n la finura.\u201d<\/li>\n<li style=\"text-align: left;\">\u201cOh Santo Esp\u00edritu, ven y consolida tu morada en nosotros para que todos, con una sola voz, glorifiquemos y alabemos a nuestro Creador: Padre, Hijo y Esp\u00edritu Santo.\u201d<\/li>\n<\/ul>\n<blockquote>\n<p style=\"text-align: right;\">San Silu\u00e1n de Athos<\/p>\n<\/blockquote>\n<ul>\n<li>\u201cEl objeto de la vida Cristiana es obtener el Esp\u00edritu Santo. La oraci\u00f3n, la vigilia, la obstinaci\u00f3n y las obras de caridad que se ejecutan por Cristo, todos son medios para obtener al Esp\u00edritu Santo.\u201d<\/li>\n<\/ul>\n<blockquote>\n<p style=\"text-align: right;\">San Seraf\u00edn de Sarov<\/p>\n<\/blockquote>\n<ul>\n<li>\u201cQuiz\u00e1s no lo comprendemos y no nos demos cuenta de lo que obra el Esp\u00edritu Santo en nosotros, y eso es porque no tenemos la completa pureza y claridad. No obstante que, por alguna vez, sentimos las gotas del Esp\u00edritu que, como el roc\u00edo, descienden en nuestra alma santific\u00e1ndola. Pues, \u00bfqu\u00e9 culpa tiene el Esp\u00edritu Santo si nuestros ojos est\u00e1n recubiertos y no lo vemos? \u00bfQu\u00e9 culpa tiene el Esp\u00edritu si, mientras \u00c9l por su parte desciende sobre nosotros y sobre cada uno, y en cambio, nosotros somos incapaces de distinguirlo en nosotros mismos o en los dem\u00e1s? \u00bfQu\u00e9 culpa tiene el Esp\u00edritu Santo si nuestras almas est\u00e1n enfermas y no poseen la transparencia suficiente para la visi\u00f3n del Esp\u00edritu y la comprensi\u00f3n de su manifestaci\u00f3n? &#8230;\u201d<\/li>\n<\/ul>\n<blockquote>\n<p style=\"text-align: right;\">\u00a0Patriaraca Ignacio IV<\/p>\n<\/blockquote>\n","protected":false},"excerpt":{"rendered":"<p>Domingo de Pentecost\u00e9s Oh Sant\u00edsimo Esp\u00edritu que procedes del Padre y que, por el Hijo, vienes sobre los \u00a0iletrados Disc\u00edpulos: salva y santifica a todos los que te reconocen como Dios. \u00a0 \u00a0 \u00a0 \u00a0 \u00a0 \u00a0 \u00a0 \u00a0 \u00a0 \u00a0 \u00a0 \u00a0 \u00a0 \u00a0 \u00a0 \u00a0 \u00a0 \u00a0 \u00a0 \u00a0 \u00a0 \u00a0 \u00a0 \u00a0 [&hellip;]<\/p>\n","protected":false},"author":13,"featured_media":0,"comment_status":"closed","ping_status":"closed","sticky":false,"template":"","format":"standard","meta":{"_bbp_topic_count":0,"_bbp_reply_count":0,"_bbp_total_topic_count":0,"_bbp_total_reply_count":0,"_bbp_voice_count":0,"_bbp_anonymous_reply_count":0,"_bbp_topic_count_hidden":0,"_bbp_reply_count_hidden":0,"_bbp_forum_subforum_count":0},"categories":[46],"tags":[],"_links":{"self":[{"href":"http:\/\/iglesiaortodoxa.org.mx\/informacion\/wp-json\/wp\/v2\/posts\/6646"}],"collection":[{"href":"http:\/\/iglesiaortodoxa.org.mx\/informacion\/wp-json\/wp\/v2\/posts"}],"about":[{"href":"http:\/\/iglesiaortodoxa.org.mx\/informacion\/wp-json\/wp\/v2\/types\/post"}],"author":[{"embeddable":true,"href":"http:\/\/iglesiaortodoxa.org.mx\/informacion\/wp-json\/wp\/v2\/users\/13"}],"replies":[{"embeddable":true,"href":"http:\/\/iglesiaortodoxa.org.mx\/informacion\/wp-json\/wp\/v2\/comments?post=6646"}],"version-history":[{"count":17,"href":"http:\/\/iglesiaortodoxa.org.mx\/informacion\/wp-json\/wp\/v2\/posts\/6646\/revisions"}],"predecessor-version":[{"id":6674,"href":"http:\/\/iglesiaortodoxa.org.mx\/informacion\/wp-json\/wp\/v2\/posts\/6646\/revisions\/6674"}],"wp:attachment":[{"href":"http:\/\/iglesiaortodoxa.org.mx\/informacion\/wp-json\/wp\/v2\/media?parent=6646"}],"wp:term":[{"taxonomy":"category","embeddable":true,"href":"http:\/\/iglesiaortodoxa.org.mx\/informacion\/wp-json\/wp\/v2\/categories?post=6646"},{"taxonomy":"post_tag","embeddable":true,"href":"http:\/\/iglesiaortodoxa.org.mx\/informacion\/wp-json\/wp\/v2\/tags?post=6646"}],"curies":[{"name":"wp","href":"https:\/\/api.w.org\/{rel}","templated":true}]}}