{"id":4487,"date":"2011-10-07T22:25:29","date_gmt":"2011-10-08T04:25:29","guid":{"rendered":"http:\/\/www.iglesiaortodoxa.org.mx\/informacion\/?p=4487"},"modified":"2013-01-08T13:51:12","modified_gmt":"2013-01-08T19:51:12","slug":"visita-pastoral-a-merida-2","status":"publish","type":"post","link":"http:\/\/iglesiaortodoxa.org.mx\/informacion\/2011\/10\/visita-pastoral-a-merida-2\/","title":{"rendered":"Visita pastoral a M\u00e9rida \u0632\u064a\u0627\u0631\u0629 \u0631\u0639\u0627\u0626\u064a\u0629 \u0644\u0645\u064a\u0631\u064a\u062f\u0627"},"content":{"rendered":"<p style=\"TEXT-ALIGN: justify\"><a rel=\"attachment wp-att-4497\" href=\"http:\/\/www.iglesiaortodoxa.org.mx\/informacion\/?attachment_id=4497\"><\/a><a rel=\"attachment wp-att-4511\" href=\"http:\/\/www.iglesiaortodoxa.org.mx\/informacion\/?attachment_id=4511\"><img loading=\"lazy\" class=\"alignleft size-thumbnail wp-image-4511\" style=\"margin: 7px;\" title=\"2011-10-02_12-57-14_799\" src=\"http:\/\/www.iglesiaortodoxa.org.mx\/informacion\/wp-content\/uploads\/\/2011-10-02_12-57-14_799-150x150.jpg\" alt=\"2011-10-02_12-57-14_799\" width=\"150\" height=\"150\" \/><\/a>Su Exelencia\u00a0Monse\u00f1or Ignacio, Obispo\u00a0auxiliar en nuestra Arquidi\u00f3cesis,\u00a0visit\u00f3 la comunidad ortodoxa de M\u00e9rida entre\u00a0el 29 de septiembre\u00a0y el 3 de octubre, donde convivi\u00f3 con la feligres\u00eda\u00a0y comparti\u00f3 con ellos unas pl\u00e1ticas en las cuales les comunic\u00f3 todo lo referente a la consagraci\u00f3n episcopal, y vieron juntos partes del video de la consagraci\u00f3n que se llev\u00f3 a cabo en Damasco, el 10 de junlio con la impocisi\u00f3n de manos de Su Beatitud Patriarca Ignacio IV y los miembros de santo S\u00ednodo de nuestra Iglesia; adem\u00e1s de visitar a varias familias de la comunidad y compartir con ellas unos momentos de alegr\u00eda y uni\u00f3n.<\/p>\n<p style=\"TEXT-ALIGN: justify\">El domingo 2 de\u00a0octubre Su Exelencia presidi\u00f3 la Divina Liturgia con la participaci\u00f3n del Rev. Archimandrita Cosme Andrade, P\u00e1rroco de la Iglesia de la Dormici\u00f3n de la Madre de Dios en M\u00e9rida, y el Rev. di\u00e1cono El\u00edas Carrillo quien acompa\u00f1\u00f3 a Sayedna en la visita.<\/p>\n<p style=\"TEXT-ALIGN: justify\">La feligres\u00eda expres\u00f3 su alegr\u00eda con esta reuni\u00f3n; adem\u00e1s trasmiti\u00f3 su gratitud, cari\u00f1o y respeto a Su Eminencia,\u00a0Sayedna Antonio, Arzobispo de\u00a0nuestra Arquidi\u00f3cesis, por su constante prreocupaci\u00f3n y por\u00a0su pronta\u00a0visita pastoral a M\u00e9rida para participar en la tradicional posada los primeros d\u00edas de diciembre.<\/p>\n<p style=\"TEXT-ALIGN: justify\">\u0632\u0627\u0631 \u0635\u0627\u062c\u0628 \u0627\u0644\u0633\u064a\u0627\u062f\u0629 \u0627\u0644\u0623\u0633\u0642\u0641 \u0625\u063a\u0646\u0627\u0637\u064a\u0648\u0633 \u0631\u0639\u064a\u0629 \u0631\u0642\u0627\u062f \u0627\u0644\u0633\u064a\u062f\u0629 \u0641\u064a \u0645\u062f\u064a\u0646\u0629 \u0645\u064a\u0631\u064a\u062f\u0627 \u0645\u0627 \u0628\u064a\u0646 29 \u0623\u064a\u0644\u0648\u0644 \u06483 \u062a\u0634\u0631\u064a\u0646 \u0627\u0644\u0623\u0648\u0644\u00a0\u062d\u064a\u062b \u0631\u0627\u0641\u0642 \u0627\u0644\u0631\u0639\u064a\u0629 \u0628\u0639\u062f\u062f \u0645\u0646 \u0627\u0644\u0623\u062d\u0627\u062f\u064a\u062b \u0627\u0644\u0631\u0648\u062d\u064a\u0629 \u0628\u0627\u0644\u0625\u0636\u0627\u0641\u0629 \u0625\u0644\u0649 \u0648\u0636\u0639\u0647\u0645 \u0628\u0635\u0648\u0631\u0629 \u0627\u0644\u0633\u064a\u0627\u0645\u0629 \u0627\u0644\u0623\u0633\u0642\u0641\u064a\u0629 \u0641\u064a \u0627\u0644\u0643\u0627\u062a\u062f\u0631\u0627\u0626\u064a\u0629 \u0627\u0644\u0628\u0637\u0631\u064a\u0631\u0643\u064a\u0629 \u0628\u0648\u0636\u0639 \u064a\u062f \u0635\u0627\u062d\u0628 \u0627\u0644\u063a\u0628\u0637\u0629 \u0627\u0644\u0628\u0637\u0631\u064a\u0631\u0643 \u0625\u063a\u0646\u0627\u0637\u064a\u0648\u0633 \u0627\u0644\u0631\u0627\u0628\u0639 \u0648\u0623\u0635\u062d\u0627\u0628 \u0627\u0644\u0633\u064a\u0627\u062f\u0629 \u0623\u0639\u0636\u0627\u0621 \u0627\u0644\u0645\u062c\u0645\u0639 \u0627\u0644\u0623\u0646\u0637\u0627\u0643\u064a \u0627\u0644\u0645\u0642\u062f\u0633. \u0643\u0645\u0627 \u0648\u0632\u0627\u0631 \u0639\u062f\u062f \u0645\u0646 \u0628\u064a\u0648\u062a \u0627\u0644\u0631\u0639\u064a\u0629.<\/p>\n<p style=\"TEXT-ALIGN: justify\">\u0641\u064a \u064a\u0648\u0645 \u0627\u0644\u0623\u062d\u062f \u062a\u0631\u0623\u0633 \u0635\u0627\u062d\u0628 \u0627\u0644\u0633\u064a\u0627\u062f\u0629 \u062e\u062f\u0645\u0629 \u0627\u0644\u0642\u062f\u0627\u0633 \u0627\u0644\u0625\u0644\u0647\u064a \u0648\u0627\u0634\u062a\u0631\u0643 \u0641\u064a \u0627\u0644\u0642\u062f\u0627\u0633 \u0642\u062f\u0633 \u0627\u0644\u0623\u0631\u0634\u0645\u0646\u062f\u0631\u064a\u062a \u0642\u0632\u0645\u0627 \u0623\u0646\u062f\u0631\u0627\u062f\u0629 \u0631\u0627\u0639\u064a \u0627\u0644\u0643\u0646\u064a\u0633\u0629 \u0648\u0642\u062f\u0633 \u0627\u0644\u0634\u0645\u0627\u0633 \u0627\u0644\u064a\u0627\u0633 \u0643\u0627\u0631\u064a\u0651\u0648 \u0627\u0644\u0630\u064a \u0631\u0627\u0641\u0642 \u0633\u064a\u062f\u0646\u0627.<\/p>\n<p style=\"TEXT-ALIGN: justify\">\u0639\u0628\u0631 \u0623\u0628\u0646\u0627\u0621 \u0627\u0644\u0631\u0639\u064a\u0629 \u0639\u0646 \u0641\u0631\u062d\u0647\u0645 \u0628\u0647\u0630\u0627 \u0627\u0644\u0644\u0642\u0627\u0621 \u0648\u0628\u0627\u0644\u0628\u0631\u0643\u0629 \u0627\u0644\u0631\u0633\u0648\u0644\u064a\u0629 \u0627\u0644\u062a\u064a \u062a\u0642\u0628\u0644\u0648\u0647\u0627\u00a0\u0628\u062d\u0636\u0648\u0631 \u0633\u064a\u0627\u062f\u0629 \u0627\u0644\u0623\u0633\u0642\u0641\u00a0\u0648\u0634\u0643\u0631\u0648\u0627 \u0644\u0631\u0627\u0639\u064a \u0627\u0644\u0623\u0628\u0631\u0634\u064a\u0629 \u0635\u0627\u062d\u0628 \u0627\u0644\u0633\u064a\u0627\u062f\u0629 \u0627\u0644\u0645\u0637\u0631\u0627\u0646 \u0623\u0646\u0637\u0648\u0646\u064a\u0648\u0633 \u0645\u062d\u0628\u062a\u0647 \u0648\u0627\u0647\u062a\u0645\u0627\u0645\u0647 \u0627\u0644\u062f\u0627\u0626\u0645 \u0628\u0631\u0639\u064a\u0629 \u0645\u064a\u0631\u062f\u0627\u060c \u0648\u0647\u0645 \u064a\u0646\u062a\u0638\u0631\u0648\u0647 \u0644\u064a\u0637\u0644 \u0639\u0644\u064a\u0647\u0645 \u0628\u0627\u0644\u0628\u0631\u0643\u0629 \u0639\u0644\u0649 \u0623\u0628\u0648\u0627\u0628 \u0634\u0647\u0631 \u0643\u0627\u0646\u0648\u0646 \u0627\u0644\u0623\u0648\u0644 \u0644\u064a\u0634\u062a\u0631\u0643 \u0645\u0639\u0647\u0645 \u0641\u064a \u0627\u062d\u062a\u0641\u0627\u0644 \u0627\u0644\u0645\u064a\u0644\u0627\u062f.<\/p>\n\n\t\t<style type=\"text\/css\">\n\t\t\t#gallery-1 {\n\t\t\t\tmargin: auto;\n\t\t\t}\n\t\t\t#gallery-1 .gallery-item {\n\t\t\t\tfloat: left;\n\t\t\t\tmargin-top: 10px;\n\t\t\t\ttext-align: center;\n\t\t\t\twidth: 33%;\n\t\t\t}\n\t\t\t#gallery-1 img {\n\t\t\t\tborder: 2px solid #cfcfcf;\n\t\t\t}\n\t\t\t#gallery-1 .gallery-caption {\n\t\t\t\tmargin-left: 0;\n\t\t\t}\n\t\t\t\/* see gallery_shortcode() in wp-includes\/media.php *\/\n\t\t<\/style>\n\t\t<div id='gallery-1' class='gallery galleryid-4487 gallery-columns-3 gallery-size-thumbnail'><dl class='gallery-item'>\n\t\t\t<dt class='gallery-icon landscape'>\n\t\t\t\t<a href='http:\/\/iglesiaortodoxa.org.mx\/informacion\/wp-content\/uploads\/\/P1030041.JPG' title=\"\" data-rl_title=\"\" class=\"rl-gallery-link\" data-rl_caption=\"\" data-rel=\"lightbox-gallery-1\"><img width=\"150\" height=\"150\" src=\"http:\/\/iglesiaortodoxa.org.mx\/informacion\/wp-content\/uploads\/\/P1030041-150x150.jpg\" class=\"attachment-thumbnail size-thumbnail\" alt=\"\" loading=\"lazy\" \/><\/a>\n\t\t\t<\/dt><\/dl><dl class='gallery-item'>\n\t\t\t<dt class='gallery-icon landscape'>\n\t\t\t\t<a href='http:\/\/iglesiaortodoxa.org.mx\/informacion\/wp-content\/uploads\/\/P1030047.JPG' title=\"\" data-rl_title=\"\" class=\"rl-gallery-link\" data-rl_caption=\"\" data-rel=\"lightbox-gallery-1\"><img width=\"150\" height=\"150\" src=\"http:\/\/iglesiaortodoxa.org.mx\/informacion\/wp-content\/uploads\/\/P1030047-150x150.jpg\" class=\"attachment-thumbnail size-thumbnail\" alt=\"\" loading=\"lazy\" \/><\/a>\n\t\t\t<\/dt><\/dl><dl class='gallery-item'>\n\t\t\t<dt class='gallery-icon landscape'>\n\t\t\t\t<a href='http:\/\/iglesiaortodoxa.org.mx\/informacion\/wp-content\/uploads\/\/P1030061.JPG' title=\"\" data-rl_title=\"\" class=\"rl-gallery-link\" data-rl_caption=\"\" data-rel=\"lightbox-gallery-1\"><img width=\"150\" height=\"150\" src=\"http:\/\/iglesiaortodoxa.org.mx\/informacion\/wp-content\/uploads\/\/P1030061-150x150.jpg\" class=\"attachment-thumbnail size-thumbnail\" alt=\"\" loading=\"lazy\" \/><\/a>\n\t\t\t<\/dt><\/dl><br style=\"clear: both\" \/><dl class='gallery-item'>\n\t\t\t<dt class='gallery-icon landscape'>\n\t\t\t\t<a href='http:\/\/iglesiaortodoxa.org.mx\/informacion\/wp-content\/uploads\/\/P1030077.JPG' title=\"\" data-rl_title=\"\" class=\"rl-gallery-link\" data-rl_caption=\"\" data-rel=\"lightbox-gallery-1\"><img width=\"150\" height=\"150\" src=\"http:\/\/iglesiaortodoxa.org.mx\/informacion\/wp-content\/uploads\/\/P1030077-150x150.jpg\" class=\"attachment-thumbnail size-thumbnail\" alt=\"\" loading=\"lazy\" \/><\/a>\n\t\t\t<\/dt><\/dl><dl class='gallery-item'>\n\t\t\t<dt class='gallery-icon landscape'>\n\t\t\t\t<a href='http:\/\/iglesiaortodoxa.org.mx\/informacion\/wp-content\/uploads\/\/P1030108.JPG' title=\"\" data-rl_title=\"\" class=\"rl-gallery-link\" data-rl_caption=\"\" data-rel=\"lightbox-gallery-1\"><img width=\"150\" height=\"150\" src=\"http:\/\/iglesiaortodoxa.org.mx\/informacion\/wp-content\/uploads\/\/P1030108-150x150.jpg\" class=\"attachment-thumbnail size-thumbnail\" alt=\"\" loading=\"lazy\" \/><\/a>\n\t\t\t<\/dt><\/dl><dl class='gallery-item'>\n\t\t\t<dt class='gallery-icon landscape'>\n\t\t\t\t<a href='http:\/\/iglesiaortodoxa.org.mx\/informacion\/wp-content\/uploads\/\/P1030111.JPG' title=\"\" data-rl_title=\"\" class=\"rl-gallery-link\" data-rl_caption=\"\" data-rel=\"lightbox-gallery-1\"><img width=\"150\" height=\"150\" src=\"http:\/\/iglesiaortodoxa.org.mx\/informacion\/wp-content\/uploads\/\/P1030111-150x150.jpg\" class=\"attachment-thumbnail size-thumbnail\" alt=\"\" loading=\"lazy\" \/><\/a>\n\t\t\t<\/dt><\/dl><br style=\"clear: both\" \/><dl class='gallery-item'>\n\t\t\t<dt class='gallery-icon landscape'>\n\t\t\t\t<a href='http:\/\/iglesiaortodoxa.org.mx\/informacion\/wp-content\/uploads\/\/P1030114.JPG' title=\"\" data-rl_title=\"\" class=\"rl-gallery-link\" data-rl_caption=\"\" data-rel=\"lightbox-gallery-1\"><img width=\"150\" height=\"150\" src=\"http:\/\/iglesiaortodoxa.org.mx\/informacion\/wp-content\/uploads\/\/P1030114-150x150.jpg\" class=\"attachment-thumbnail size-thumbnail\" alt=\"\" loading=\"lazy\" \/><\/a>\n\t\t\t<\/dt><\/dl><dl class='gallery-item'>\n\t\t\t<dt class='gallery-icon landscape'>\n\t\t\t\t<a href='http:\/\/iglesiaortodoxa.org.mx\/informacion\/wp-content\/uploads\/\/P1030121.JPG' title=\"\" data-rl_title=\"\" class=\"rl-gallery-link\" data-rl_caption=\"\" data-rel=\"lightbox-gallery-1\"><img width=\"150\" height=\"150\" src=\"http:\/\/iglesiaortodoxa.org.mx\/informacion\/wp-content\/uploads\/\/P1030121-150x150.jpg\" class=\"attachment-thumbnail size-thumbnail\" alt=\"\" loading=\"lazy\" \/><\/a>\n\t\t\t<\/dt><\/dl><dl class='gallery-item'>\n\t\t\t<dt class='gallery-icon landscape'>\n\t\t\t\t<a href='http:\/\/iglesiaortodoxa.org.mx\/informacion\/wp-content\/uploads\/\/P1030123.JPG' title=\"\" data-rl_title=\"\" class=\"rl-gallery-link\" data-rl_caption=\"\" data-rel=\"lightbox-gallery-1\"><img width=\"150\" height=\"150\" src=\"http:\/\/iglesiaortodoxa.org.mx\/informacion\/wp-content\/uploads\/\/P1030123-150x150.jpg\" class=\"attachment-thumbnail size-thumbnail\" alt=\"\" loading=\"lazy\" \/><\/a>\n\t\t\t<\/dt><\/dl><br style=\"clear: both\" \/><dl class='gallery-item'>\n\t\t\t<dt class='gallery-icon landscape'>\n\t\t\t\t<a href='http:\/\/iglesiaortodoxa.org.mx\/informacion\/wp-content\/uploads\/\/P1030128.JPG' title=\"\" data-rl_title=\"\" class=\"rl-gallery-link\" data-rl_caption=\"\" data-rel=\"lightbox-gallery-1\"><img width=\"150\" height=\"150\" src=\"http:\/\/iglesiaortodoxa.org.mx\/informacion\/wp-content\/uploads\/\/P1030128-150x150.jpg\" class=\"attachment-thumbnail size-thumbnail\" alt=\"\" loading=\"lazy\" \/><\/a>\n\t\t\t<\/dt><\/dl><dl class='gallery-item'>\n\t\t\t<dt class='gallery-icon landscape'>\n\t\t\t\t<a href='http:\/\/iglesiaortodoxa.org.mx\/informacion\/wp-content\/uploads\/\/P1030132.JPG' title=\"\" data-rl_title=\"\" class=\"rl-gallery-link\" data-rl_caption=\"\" data-rel=\"lightbox-gallery-1\"><img width=\"150\" height=\"150\" src=\"http:\/\/iglesiaortodoxa.org.mx\/informacion\/wp-content\/uploads\/\/P1030132-150x150.jpg\" class=\"attachment-thumbnail size-thumbnail\" alt=\"\" loading=\"lazy\" \/><\/a>\n\t\t\t<\/dt><\/dl><dl class='gallery-item'>\n\t\t\t<dt class='gallery-icon landscape'>\n\t\t\t\t<a href='http:\/\/iglesiaortodoxa.org.mx\/informacion\/wp-content\/uploads\/\/P1030142.JPG' title=\"\" data-rl_title=\"\" class=\"rl-gallery-link\" data-rl_caption=\"\" data-rel=\"lightbox-gallery-1\"><img width=\"150\" height=\"150\" src=\"http:\/\/iglesiaortodoxa.org.mx\/informacion\/wp-content\/uploads\/\/P1030142-150x150.jpg\" class=\"attachment-thumbnail size-thumbnail\" alt=\"\" loading=\"lazy\" \/><\/a>\n\t\t\t<\/dt><\/dl><br style=\"clear: both\" \/><dl class='gallery-item'>\n\t\t\t<dt class='gallery-icon landscape'>\n\t\t\t\t<a href='http:\/\/iglesiaortodoxa.org.mx\/informacion\/wp-content\/uploads\/\/P1030143.JPG' title=\"\" data-rl_title=\"\" class=\"rl-gallery-link\" data-rl_caption=\"\" data-rel=\"lightbox-gallery-1\"><img width=\"150\" height=\"150\" src=\"http:\/\/iglesiaortodoxa.org.mx\/informacion\/wp-content\/uploads\/\/P1030143-150x150.jpg\" class=\"attachment-thumbnail size-thumbnail\" alt=\"\" loading=\"lazy\" \/><\/a>\n\t\t\t<\/dt><\/dl><dl class='gallery-item'>\n\t\t\t<dt class='gallery-icon landscape'>\n\t\t\t\t<a href='http:\/\/iglesiaortodoxa.org.mx\/informacion\/wp-content\/uploads\/\/2011-09-30_16-03-40_499.jpg' title=\"\" data-rl_title=\"\" class=\"rl-gallery-link\" data-rl_caption=\"\" data-rel=\"lightbox-gallery-1\"><img width=\"150\" height=\"150\" src=\"http:\/\/iglesiaortodoxa.org.mx\/informacion\/wp-content\/uploads\/\/2011-09-30_16-03-40_499-150x150.jpg\" class=\"attachment-thumbnail size-thumbnail\" alt=\"\" loading=\"lazy\" \/><\/a>\n\t\t\t<\/dt><\/dl><dl class='gallery-item'>\n\t\t\t<dt class='gallery-icon landscape'>\n\t\t\t\t<a href='http:\/\/iglesiaortodoxa.org.mx\/informacion\/wp-content\/uploads\/\/2011-10-01_09-56-48_296.jpg' title=\"\" data-rl_title=\"\" class=\"rl-gallery-link\" data-rl_caption=\"\" data-rel=\"lightbox-gallery-1\"><img width=\"150\" height=\"150\" src=\"http:\/\/iglesiaortodoxa.org.mx\/informacion\/wp-content\/uploads\/\/2011-10-01_09-56-48_296-150x150.jpg\" class=\"attachment-thumbnail size-thumbnail\" alt=\"\" loading=\"lazy\" \/><\/a>\n\t\t\t<\/dt><\/dl><br style=\"clear: both\" \/><dl class='gallery-item'>\n\t\t\t<dt class='gallery-icon landscape'>\n\t\t\t\t<a href='http:\/\/iglesiaortodoxa.org.mx\/informacion\/wp-content\/uploads\/\/2011-10-02_12-41-17_754.jpg' title=\"\" data-rl_title=\"\" class=\"rl-gallery-link\" data-rl_caption=\"\" data-rel=\"lightbox-gallery-1\"><img width=\"150\" height=\"150\" src=\"http:\/\/iglesiaortodoxa.org.mx\/informacion\/wp-content\/uploads\/\/2011-10-02_12-41-17_754-150x150.jpg\" class=\"attachment-thumbnail size-thumbnail\" alt=\"\" loading=\"lazy\" \/><\/a>\n\t\t\t<\/dt><\/dl><dl class='gallery-item'>\n\t\t\t<dt class='gallery-icon landscape'>\n\t\t\t\t<a href='http:\/\/iglesiaortodoxa.org.mx\/informacion\/wp-content\/uploads\/\/2011-10-02_12-43-28_911.jpg' title=\"\" data-rl_title=\"\" class=\"rl-gallery-link\" data-rl_caption=\"\" data-rel=\"lightbox-gallery-1\"><img width=\"150\" height=\"150\" src=\"http:\/\/iglesiaortodoxa.org.mx\/informacion\/wp-content\/uploads\/\/2011-10-02_12-43-28_911-150x150.jpg\" class=\"attachment-thumbnail size-thumbnail\" alt=\"\" loading=\"lazy\" \/><\/a>\n\t\t\t<\/dt><\/dl><dl class='gallery-item'>\n\t\t\t<dt class='gallery-icon landscape'>\n\t\t\t\t<a href='http:\/\/iglesiaortodoxa.org.mx\/informacion\/wp-content\/uploads\/\/2011-10-02_12-44-42_275.jpg' title=\"\" data-rl_title=\"\" class=\"rl-gallery-link\" data-rl_caption=\"\" data-rel=\"lightbox-gallery-1\"><img width=\"150\" height=\"150\" src=\"http:\/\/iglesiaortodoxa.org.mx\/informacion\/wp-content\/uploads\/\/2011-10-02_12-44-42_275-150x150.jpg\" class=\"attachment-thumbnail size-thumbnail\" alt=\"\" loading=\"lazy\" \/><\/a>\n\t\t\t<\/dt><\/dl><br style=\"clear: both\" \/><dl class='gallery-item'>\n\t\t\t<dt class='gallery-icon landscape'>\n\t\t\t\t<a href='http:\/\/iglesiaortodoxa.org.mx\/informacion\/wp-content\/uploads\/\/2011-10-02_12-45-31_280.jpg' title=\"\" data-rl_title=\"\" class=\"rl-gallery-link\" data-rl_caption=\"\" data-rel=\"lightbox-gallery-1\"><img width=\"150\" height=\"150\" src=\"http:\/\/iglesiaortodoxa.org.mx\/informacion\/wp-content\/uploads\/\/2011-10-02_12-45-31_280-150x150.jpg\" class=\"attachment-thumbnail size-thumbnail\" alt=\"\" loading=\"lazy\" \/><\/a>\n\t\t\t<\/dt><\/dl><dl class='gallery-item'>\n\t\t\t<dt class='gallery-icon landscape'>\n\t\t\t\t<a href='http:\/\/iglesiaortodoxa.org.mx\/informacion\/wp-content\/uploads\/\/2011-10-02_12-55-24_765.jpg' title=\"\" data-rl_title=\"\" class=\"rl-gallery-link\" data-rl_caption=\"\" data-rel=\"lightbox-gallery-1\"><img width=\"150\" height=\"150\" src=\"http:\/\/iglesiaortodoxa.org.mx\/informacion\/wp-content\/uploads\/\/2011-10-02_12-55-24_765-150x150.jpg\" class=\"attachment-thumbnail size-thumbnail\" alt=\"\" loading=\"lazy\" \/><\/a>\n\t\t\t<\/dt><\/dl><dl class='gallery-item'>\n\t\t\t<dt class='gallery-icon landscape'>\n\t\t\t\t<a href='http:\/\/iglesiaortodoxa.org.mx\/informacion\/wp-content\/uploads\/\/2011-10-02_12-57-14_799.jpg' title=\"\" data-rl_title=\"\" class=\"rl-gallery-link\" data-rl_caption=\"\" data-rel=\"lightbox-gallery-1\"><img width=\"150\" height=\"150\" src=\"http:\/\/iglesiaortodoxa.org.mx\/informacion\/wp-content\/uploads\/\/2011-10-02_12-57-14_799-150x150.jpg\" class=\"attachment-thumbnail size-thumbnail\" alt=\"\" loading=\"lazy\" \/><\/a>\n\t\t\t<\/dt><\/dl><br style=\"clear: both\" \/>\n\t\t<\/div>\n\n","protected":false},"excerpt":{"rendered":"<p>Su Exelencia Monse\u00f1or Ignacio, Obispo auxiliar en nuestra Arquidi\u00f3cesis, visit\u00f3 la comunidad ortodoxa de M\u00e9rida entre el 29 de septiembre y el 3 de octubre, donde convivi\u00f3 con la feligres\u00eda &#8230;<\/p>\n","protected":false},"author":13,"featured_media":0,"comment_status":"closed","ping_status":"closed","sticky":false,"template":"","format":"standard","meta":{"_bbp_topic_count":0,"_bbp_reply_count":0,"_bbp_total_topic_count":0,"_bbp_total_reply_count":0,"_bbp_voice_count":0,"_bbp_anonymous_reply_count":0,"_bbp_topic_count_hidden":0,"_bbp_reply_count_hidden":0,"_bbp_forum_subforum_count":0},"categories":[44],"tags":[],"_links":{"self":[{"href":"http:\/\/iglesiaortodoxa.org.mx\/informacion\/wp-json\/wp\/v2\/posts\/4487"}],"collection":[{"href":"http:\/\/iglesiaortodoxa.org.mx\/informacion\/wp-json\/wp\/v2\/posts"}],"about":[{"href":"http:\/\/iglesiaortodoxa.org.mx\/informacion\/wp-json\/wp\/v2\/types\/post"}],"author":[{"embeddable":true,"href":"http:\/\/iglesiaortodoxa.org.mx\/informacion\/wp-json\/wp\/v2\/users\/13"}],"replies":[{"embeddable":true,"href":"http:\/\/iglesiaortodoxa.org.mx\/informacion\/wp-json\/wp\/v2\/comments?post=4487"}],"version-history":[{"count":21,"href":"http:\/\/iglesiaortodoxa.org.mx\/informacion\/wp-json\/wp\/v2\/posts\/4487\/revisions"}],"predecessor-version":[{"id":7838,"href":"http:\/\/iglesiaortodoxa.org.mx\/informacion\/wp-json\/wp\/v2\/posts\/4487\/revisions\/7838"}],"wp:attachment":[{"href":"http:\/\/iglesiaortodoxa.org.mx\/informacion\/wp-json\/wp\/v2\/media?parent=4487"}],"wp:term":[{"taxonomy":"category","embeddable":true,"href":"http:\/\/iglesiaortodoxa.org.mx\/informacion\/wp-json\/wp\/v2\/categories?post=4487"},{"taxonomy":"post_tag","embeddable":true,"href":"http:\/\/iglesiaortodoxa.org.mx\/informacion\/wp-json\/wp\/v2\/tags?post=4487"}],"curies":[{"name":"wp","href":"https:\/\/api.w.org\/{rel}","templated":true}]}}