{"id":20555,"date":"2026-04-29T00:00:08","date_gmt":"2026-04-29T06:00:08","guid":{"rendered":"https:\/\/iglesiaortodoxa.org.mx\/informacion\/?p=20555"},"modified":"2026-04-02T15:12:40","modified_gmt":"2026-04-02T21:12:40","slug":"santos-jason-y-sosipatro-apostoles","status":"publish","type":"post","link":"http:\/\/iglesiaortodoxa.org.mx\/informacion\/2026\/04\/santos-jason-y-sosipatro-apostoles\/","title":{"rendered":"Santos Jas\u00f3n y Sos\u00edpatro Ap\u00f3stoles."},"content":{"rendered":"<p><img loading=\"lazy\" class=\"alignnone size-medium wp-image-20556 aligncenter\" src=\"http:\/\/iglesiaortodoxa.org.mx\/informacion\/wp-content\/uploads\/\/0428jason-sosipater-221x300.jpg\" alt=\"\" width=\"221\" height=\"300\" srcset=\"http:\/\/iglesiaortodoxa.org.mx\/informacion\/wp-content\/uploads\/0428jason-sosipater-221x300.jpg 221w, http:\/\/iglesiaortodoxa.org.mx\/informacion\/wp-content\/uploads\/0428jason-sosipater-129x175.jpg 129w, http:\/\/iglesiaortodoxa.org.mx\/informacion\/wp-content\/uploads\/0428jason-sosipater.jpg 225w\" sizes=\"(max-width: 221px) 100vw, 221px\" \/><\/p>\n<p style=\"text-align: justify;\">El ap\u00f3stol Jas\u00f3n era de Tarso (Asia Menor). Fue el primer cristiano de la ciudad. El ap\u00f3stol Sos\u00edpatro era originario de Patras, Acaya. Se cree que es el mismo Sos\u00edpatro mencionado en Hechos 20:4. Ambos se convirtieron en disc\u00edpulos de san Pablo, quien incluso los llam\u00f3 sus parientes (Rom 16:21). San Juan Cris\u00f3stomo (Homil\u00eda 32 sobre Romanos) afirma que se trata del mismo Jas\u00f3n mencionado en Hechos 17:5-9. San Jas\u00f3n fue nombrado obispo en su ciudad natal, Tarso, y san Sos\u00edpatro en Iconio. Viajaron al oeste predicando el Evangelio y en el a\u00f1o 63 llegaron a la isla de Kerkyra [Corf\u00fa], en el mar J\u00f3nico, cerca de Grecia.<\/p>\n<p style=\"text-align: justify;\">All\u00ed construyeron una iglesia en nombre del protom\u00e1rtir Esteban y bautizaron a muchos. El gobernador de la isla se enter\u00f3 de esto y los encerr\u00f3 en prisi\u00f3n, donde se encontraron con siete ladrones: Saturnino, I\u00e1quicolo, Faustiano, Jenaro, Marsalio, Eufrasio y Mamio. Los ap\u00f3stoles los convirtieron a Cristo. Por su confesi\u00f3n de Cristo, los siete prisioneros murieron como m\u00e1rtires en un caldero de alquitr\u00e1n, cera y azufre fundidos.<\/p>\n<p style=\"text-align: justify;\">El guardia de la prisi\u00f3n, tras presenciar su martirio, se declar\u00f3 cristiano. Por ello, le cortaron la mano izquierda, luego ambos pies y finalmente la cabeza. El gobernador orden\u00f3 que los ap\u00f3stoles Jas\u00f3n y Sos\u00edpatro fueran azotados y encarcelados de nuevo.<\/p>\n<p style=\"text-align: justify;\">Cuando la hija del gobernador de Kerkyra (Corf\u00fa), se enter\u00f3 de c\u00f3mo los cristianos sufr\u00edan por Cristo, se declar\u00f3 cristiana y regal\u00f3 todas sus galas a los pobres. El gobernador, enfurecido, intent\u00f3 persuadir a su hija para que negara a Cristo, pero santa Kerkyra (mismo nombre de la isla) se mantuvo firme ante la persuasi\u00f3n y las amenazas. Entonces, el padre, enfurecido, ide\u00f3 un terrible castigo para su hija: orden\u00f3 que la encerraran en una celda con el ladr\u00f3n y asesino Murino, para que profanara a la prometida de Cristo.<\/p>\n<p style=\"text-align: justify;\">Pero cuando el ladr\u00f3n se acerc\u00f3 a la puerta de la celda, un oso lo atac\u00f3. santa Kerkyra oy\u00f3 el ruido y ahuyent\u00f3 a la bestia en nombre de Cristo. Luego, con sus oraciones, cur\u00f3 las heridas de Murino. Entonces santa Kerkyra lo ilumin\u00f3 con la fe de Cristo, y san Murino se declar\u00f3 cristiano y fue ejecutado.<\/p>\n<p style=\"text-align: justify;\">El gobernador orden\u00f3 quemar la prisi\u00f3n, pero la santa virgen sobrevivi\u00f3. Entonces, por orden de su enfurecido padre, fue colgada de un \u00e1rbol, asfixiada con humo acre y acribillada con flechas. Tras su muerte, el gobernador decidi\u00f3 ejecutar a todos los cristianos de la isla de Kerkyra. Los m\u00e1rtires Zen\u00f3n, Eusebio, Neon y Vitalis, tras ser iluminados por los santos Jas\u00f3n y Sos\u00edpatro, fueron quemados vivos. Los habitantes de Kerkyra, escapando de la persecuci\u00f3n, cruzaron a una isla cercana. El gobernador zarp\u00f3 con un destacamento de soldados, pero fue arrastrado por las olas. El gobernador que le sucedi\u00f3 orden\u00f3 arrojar a los ap\u00f3stoles Jas\u00f3n y Sos\u00edpatro a un caldero de brea hirviendo. Al verlos ilesos, exclam\u00f3 entre l\u00e1grimas: \u00ab\u00a1Oh, Dios de Jas\u00f3n y Sos\u00edpatro, ten piedad de m\u00ed!\u00bb.<\/p>\n<p style=\"text-align: justify;\">Tras ser liberados, los ap\u00f3stoles bautizaron al gobernador y le pusieron el nombre de Sebasti\u00e1n. Con su ayuda, los ap\u00f3stoles Jas\u00f3n y Sos\u00edpatro construyeron varias iglesias en la isla y aumentaron el reba\u00f1o de Cristo con su ferviente predicaci\u00f3n. Vivieron all\u00ed hasta la vejez.<\/p>\n<h4 style=\"text-align: justify;\"><u>Tono 3, del com\u00fan de Santos Ap\u00f3stoles<\/u><\/h4>\n<p style=\"text-align: justify;\">Oh santos ap\u00f3stoles, * intercedan ante Dios misericordioso * para que otorgue el perd\u00f3n de las transgresiones a nuestras almas.<\/p>\n<p style=\"text-align: center;\"><a href=\"https:\/\/music.youtube.com\/watch?vhttps:\/\/music.youtube.com\/watch?v=F3QtPVg6jnQ&amp;si=VADH0R466SxrODOL=F3QtPVg6jnQ&amp;si=VADH0R466SxrODOL\" target=\"_blank\" rel=\"noopener\"><img loading=\"lazy\" class=\"alignnone size-full wp-image-20444\" src=\"http:\/\/iglesiaortodoxa.org.mx\/informacion\/wp-content\/uploads\/\/youtub-6.png\" alt=\"\" width=\"175\" height=\"61\" \/><\/a><\/p>\n","protected":false},"excerpt":{"rendered":"<p>El ap\u00f3stol Jas\u00f3n era de Tarso (Asia Menor). Fue el primer cristiano de la ciudad. El ap\u00f3stol Sos\u00edpatro era originario de Patras, Acaya. Se cree que es el mismo Sos\u00edpatro mencionado en Hechos 20:4. Ambos se convirtieron en disc\u00edpulos de san Pablo, quien incluso los llam\u00f3 sus parientes (Rom 16:21). San Juan Cris\u00f3stomo (Homil\u00eda 32 [&hellip;]<\/p>\n","protected":false},"author":40,"featured_media":0,"comment_status":"closed","ping_status":"closed","sticky":false,"template":"","format":"standard","meta":{"_bbp_topic_count":0,"_bbp_reply_count":0,"_bbp_total_topic_count":0,"_bbp_total_reply_count":0,"_bbp_voice_count":0,"_bbp_anonymous_reply_count":0,"_bbp_topic_count_hidden":0,"_bbp_reply_count_hidden":0,"_bbp_forum_subforum_count":0},"categories":[122,16],"tags":[],"_links":{"self":[{"href":"http:\/\/iglesiaortodoxa.org.mx\/informacion\/wp-json\/wp\/v2\/posts\/20555"}],"collection":[{"href":"http:\/\/iglesiaortodoxa.org.mx\/informacion\/wp-json\/wp\/v2\/posts"}],"about":[{"href":"http:\/\/iglesiaortodoxa.org.mx\/informacion\/wp-json\/wp\/v2\/types\/post"}],"author":[{"embeddable":true,"href":"http:\/\/iglesiaortodoxa.org.mx\/informacion\/wp-json\/wp\/v2\/users\/40"}],"replies":[{"embeddable":true,"href":"http:\/\/iglesiaortodoxa.org.mx\/informacion\/wp-json\/wp\/v2\/comments?post=20555"}],"version-history":[{"count":3,"href":"http:\/\/iglesiaortodoxa.org.mx\/informacion\/wp-json\/wp\/v2\/posts\/20555\/revisions"}],"predecessor-version":[{"id":21878,"href":"http:\/\/iglesiaortodoxa.org.mx\/informacion\/wp-json\/wp\/v2\/posts\/20555\/revisions\/21878"}],"wp:attachment":[{"href":"http:\/\/iglesiaortodoxa.org.mx\/informacion\/wp-json\/wp\/v2\/media?parent=20555"}],"wp:term":[{"taxonomy":"category","embeddable":true,"href":"http:\/\/iglesiaortodoxa.org.mx\/informacion\/wp-json\/wp\/v2\/categories?post=20555"},{"taxonomy":"post_tag","embeddable":true,"href":"http:\/\/iglesiaortodoxa.org.mx\/informacion\/wp-json\/wp\/v2\/tags?post=20555"}],"curies":[{"name":"wp","href":"https:\/\/api.w.org\/{rel}","templated":true}]}}