{"id":20541,"date":"2026-04-25T00:00:36","date_gmt":"2026-04-25T06:00:36","guid":{"rendered":"https:\/\/iglesiaortodoxa.org.mx\/informacion\/?p=20541"},"modified":"2026-04-02T17:38:53","modified_gmt":"2026-04-02T23:38:53","slug":"viernes-luminoso-santo-y-glorioso-apostol-y-evangelista-marcos","status":"publish","type":"post","link":"http:\/\/iglesiaortodoxa.org.mx\/informacion\/2026\/04\/viernes-luminoso-santo-y-glorioso-apostol-y-evangelista-marcos\/","title":{"rendered":"Santo y Glorioso Ap\u00f3stol y Evangelista Marcos"},"content":{"rendered":"<h3 style=\"text-align: justify;\">Santo Ap\u00f3stol y Evangelista Marcos<\/h3>\n<p>&nbsp;<\/p>\n<h4 style=\"text-align: justify;\"><img loading=\"lazy\" class=\"size-medium wp-image-20542 aligncenter\" src=\"http:\/\/iglesiaortodoxa.org.mx\/informacion\/wp-content\/uploads\/\/san-marcos-222x300.png\" alt=\"\" width=\"222\" height=\"300\" srcset=\"http:\/\/iglesiaortodoxa.org.mx\/informacion\/wp-content\/uploads\/san-marcos-222x300.png 222w, http:\/\/iglesiaortodoxa.org.mx\/informacion\/wp-content\/uploads\/san-marcos-129x175.png 129w, http:\/\/iglesiaortodoxa.org.mx\/informacion\/wp-content\/uploads\/san-marcos.png 348w\" sizes=\"(max-width: 222px) 100vw, 222px\" \/><\/h4>\n<p>&nbsp;<\/p>\n<p style=\"text-align: justify;\">Lo que sabemos sobre la vida personal de San Marcos, autor del segundo Evangelio, proviene m\u00e1s o menos de conjeturas. Los autores le identifican generalmente con el \u201cJuan llamado Marcos\u201d de los Hechos de los Ap\u00f3stoles (12:12 y 25); por consiguiente, la Mar\u00eda, en cuya casa de Jerusal\u00e9n se reun\u00edan los Ap\u00f3stoles, era su madre. Por la ep\u00edstola a los Colosenses (4:10), sabemos que Marcos era pariente de san Bernab\u00e9, el cual (seg\u00fan Hechos 4:36) era un levita chipriota. Resulta, pues, probable que Marcos haya pertenecido a una familia lev\u00edtica. Cuando Pablo y Bernab\u00e9 regresaron a Antioqu\u00eda despu\u00e9s de haber llevado a Jerusal\u00e9n las limosnas para dicha Iglesia, trajeron consigo a Juan llamado Marcos, quien los ayud\u00f3 en el ministerio apost\u00f3lico en la misi\u00f3n de Salamina, en Chipre (Hechos 13:5); pero Marcos no les acompa\u00f1\u00f3 a Perga de Panfilia, sino que volvi\u00f3 a Jerusal\u00e9n (Hechos 13:13). A ra\u00edz de aquella deserci\u00f3n, san Pablo crey\u00f3 ver cierta inestabilidad en el car\u00e1cter de Marcos y, aunque Bernab\u00e9 quer\u00eda que los acompa\u00f1ase a visitar las Iglesias de Cilicia y el resto de Asia Menor, san Pablo se opuso a ello. Como no lograron ponerse de acuerdo, Bernab\u00e9 se separ\u00f3 de san Pablo y fue con Marcos a Chipre. Sin embargo, cuando san Pablo se hallaba en su primer cautiverio en Roma, Marcos estaba con \u00e9l y le ayudaba (Col. 4:10). Durante su segundo cautiverio, poco antes de su martirio, el Ap\u00f3stol escribi\u00f3 a Timoteo, quien se hallaba entonces en \u00c9feso: \u201cToma contigo a Marcos, pues me ha ayudado en el ministerio.\u201d<\/p>\n<p style=\"text-align: justify;\">Por otra parte, la tradici\u00f3n sostiene que el autor del segundo Evangelio estaba en estrecha relaci\u00f3n con san Pedro. Clemente de Alejandr\u00eda (seg\u00fan el testimonio de Eusebio), Irineo y Pap\u00edas llaman a san Marcos el int\u00e9rprete o portavoz de san Pedro. Si bien Pap\u00edas afirma que Marcos no hab\u00eda o\u00eddo al Se\u00f1or ni hab\u00eda sido su disc\u00edpulo, los comentaristas se inclinan a pensar que el joven que sigui\u00f3 al Se\u00f1or en el Huerto de los Olivos (Marc. 14:51) era san Marcos. Lo cierto es que san Pedro, cuando escrib\u00eda desde Roma (1 Pedro 5:13), habla de \u201cmi hijo Marcos,\u201d el cual, seg\u00fan parece, estaba entonces con \u00e9l.<\/p>\n<p style=\"text-align: justify;\">Escribi\u00f3 el evangelio a ruego de los fieles de Roma y seg\u00fan las ense\u00f1anzas que pose\u00eda de san Pedro en persona. Llevando, pues, su evangelio, parti\u00f3 para Egipto, y fue el primero que anunci\u00f3 a Jesucristo en la ciudad de Alejandr\u00eda, donde fund\u00f3 una de las iglesias que m\u00e1s florecieron. Fue martirizado el d\u00eda de Pascua, mientras celebraba la Liturgia con la comunidad. Algunos d\u00edas antes un \u00e1ngel le hab\u00eda mostrado su nombre escrito en el libro de la vida. Acaeci\u00f3 su muerte alrededor del a\u00f1o 74 de la era cristiana.<\/p>\n<h4 style=\"text-align: justify;\"><u>Tono 3, del com\u00fan de los Santos Ap\u00f3stoles<\/u><\/h4>\n<p style=\"text-align: justify;\">Oh santo ap\u00f3stol Marcos, * intercede ante Dios misericordioso, * para que otorgue el perd\u00f3n de las transgresiones a nuestras almas.<\/p>\n<p style=\"text-align: center;\"><a href=\"https:\/\/music.youtube.com\/watch?v=F3QtPVg6jnQ&amp;si=GI-KZ0FcYh8iqzhH\" target=\"_blank\" rel=\"noopener\"><img loading=\"lazy\" class=\"alignnone size-full wp-image-20444\" src=\"http:\/\/iglesiaortodoxa.org.mx\/informacion\/wp-content\/uploads\/\/youtub-6.png\" alt=\"\" width=\"175\" height=\"61\" \/><\/a><\/p>\n","protected":false},"excerpt":{"rendered":"<p>Santo Ap\u00f3stol y Evangelista Marcos &nbsp; &nbsp; Lo que sabemos sobre la vida personal de San Marcos, autor del segundo Evangelio, proviene m\u00e1s o menos de conjeturas. Los autores le identifican generalmente con el \u201cJuan llamado Marcos\u201d de los Hechos de los Ap\u00f3stoles (12:12 y 25); por consiguiente, la Mar\u00eda, en cuya casa de Jerusal\u00e9n [&hellip;]<\/p>\n","protected":false},"author":40,"featured_media":0,"comment_status":"closed","ping_status":"closed","sticky":false,"template":"","format":"standard","meta":{"_bbp_topic_count":0,"_bbp_reply_count":0,"_bbp_total_topic_count":0,"_bbp_total_reply_count":0,"_bbp_voice_count":0,"_bbp_anonymous_reply_count":0,"_bbp_topic_count_hidden":0,"_bbp_reply_count_hidden":0,"_bbp_forum_subforum_count":0},"categories":[122,16],"tags":[],"_links":{"self":[{"href":"http:\/\/iglesiaortodoxa.org.mx\/informacion\/wp-json\/wp\/v2\/posts\/20541"}],"collection":[{"href":"http:\/\/iglesiaortodoxa.org.mx\/informacion\/wp-json\/wp\/v2\/posts"}],"about":[{"href":"http:\/\/iglesiaortodoxa.org.mx\/informacion\/wp-json\/wp\/v2\/types\/post"}],"author":[{"embeddable":true,"href":"http:\/\/iglesiaortodoxa.org.mx\/informacion\/wp-json\/wp\/v2\/users\/40"}],"replies":[{"embeddable":true,"href":"http:\/\/iglesiaortodoxa.org.mx\/informacion\/wp-json\/wp\/v2\/comments?post=20541"}],"version-history":[{"count":5,"href":"http:\/\/iglesiaortodoxa.org.mx\/informacion\/wp-json\/wp\/v2\/posts\/20541\/revisions"}],"predecessor-version":[{"id":21922,"href":"http:\/\/iglesiaortodoxa.org.mx\/informacion\/wp-json\/wp\/v2\/posts\/20541\/revisions\/21922"}],"wp:attachment":[{"href":"http:\/\/iglesiaortodoxa.org.mx\/informacion\/wp-json\/wp\/v2\/media?parent=20541"}],"wp:term":[{"taxonomy":"category","embeddable":true,"href":"http:\/\/iglesiaortodoxa.org.mx\/informacion\/wp-json\/wp\/v2\/categories?post=20541"},{"taxonomy":"post_tag","embeddable":true,"href":"http:\/\/iglesiaortodoxa.org.mx\/informacion\/wp-json\/wp\/v2\/tags?post=20541"}],"curies":[{"name":"wp","href":"https:\/\/api.w.org\/{rel}","templated":true}]}}