{"id":20537,"date":"2026-04-24T00:00:14","date_gmt":"2026-04-24T06:00:14","guid":{"rendered":"https:\/\/iglesiaortodoxa.org.mx\/informacion\/?p=20537"},"modified":"2026-04-02T17:31:15","modified_gmt":"2026-04-02T23:31:15","slug":"jueves-luminoso-isabel-la-milagrosa-martir-sabas-el-general-de-roma","status":"publish","type":"post","link":"http:\/\/iglesiaortodoxa.org.mx\/informacion\/2026\/04\/jueves-luminoso-isabel-la-milagrosa-martir-sabas-el-general-de-roma\/","title":{"rendered":"Isabel la Milagrosa; M\u00e1rtir Sabas el General, de Roma"},"content":{"rendered":"<h3 style=\"text-align: justify;\">Santa Isabel la Milagrosa<\/h3>\n<p>&nbsp;<\/p>\n<p><img loading=\"lazy\" class=\"alignnone size-full wp-image-20538 aligncenter\" src=\"http:\/\/iglesiaortodoxa.org.mx\/informacion\/wp-content\/uploads\/\/isabel-milagrosa.png\" alt=\"\" width=\"210\" height=\"283\" srcset=\"http:\/\/iglesiaortodoxa.org.mx\/informacion\/wp-content\/uploads\/isabel-milagrosa.png 210w, http:\/\/iglesiaortodoxa.org.mx\/informacion\/wp-content\/uploads\/isabel-milagrosa-130x175.png 130w\" sizes=\"(max-width: 210px) 100vw, 210px\" \/><\/p>\n<p style=\"text-align: justify;\">Santa Isabel era de Constantinopla y fue elegida para el servicio de Dios desde su nacimiento. De ni\u00f1a, sus padres la enviaron a un monasterio. Creci\u00f3 en un ambiente de ayuno y oraci\u00f3n constante, y recibi\u00f3 el don de sanar enfermedades f\u00edsicas y espirituales.<\/p>\n<p style=\"text-align: justify;\">Las hermanas la eligieron abadesa del Monasterio de los Santos Cosme y Dami\u00e1n. Vest\u00eda un cilicio grueso todo el a\u00f1o. Su cuerpo pasaba fr\u00edo en invierno, pero su esp\u00edritu ard\u00eda de ardiente amor a Dios.<\/p>\n<p style=\"text-align: justify;\">El ascetismo de la santa fue muy estricto. Durante muchos a\u00f1os solo comi\u00f3 hierba y verduras, pero no consum\u00eda pan, vino ni aceite. Muchas veces, santa Isabel no comi\u00f3 nada durante los cuarenta d\u00edas del Gran Ayuno. Imitando al Publicano en humildad, durante tres a\u00f1os no alz\u00f3 la vista al cielo, sino que mir\u00f3 constantemente a Dios con sus ojos espirituales y se dice que durante las oraciones de medianoche, la santa resplandec\u00eda con una luz celestial.<\/p>\n<p style=\"text-align: justify;\">Al acercarse su hora, sinti\u00f3 un gran deseo de volver a ver su patria. As\u00ed que fue a Heraclea y or\u00f3 en las sagradas iglesias de los santos. All\u00ed, en la iglesia de la Madre de Dios, tuvo una visi\u00f3n de la Sant\u00edsima Virgen, quien la recib\u00eda. Reconoci\u00f3 el rostro de la Theotokos en un icono que vio al llegar a la iglesia del Santo M\u00e1rtir Romano. La voz de la Pur\u00edsima Virgen le indic\u00f3 que regresara a su monasterio, pues se acercaba el momento de su reposo. As\u00ed, cuando Santa Isabel regres\u00f3, se dirigi\u00f3 al Se\u00f1or en paz. Sus santas reliquias fueron enterradas en la iglesia de San Jorge, donde permanecieron intactas e incorruptas y abundan los testimonios de las curaciones obradas aun con un poco de la tierra de su sepulcro.<\/p>\n<p style=\"text-align: justify;\">No sabemos con exactitud cu\u00e1ndo vivi\u00f3 santa Isabel, pero probablemente fue entre los siglos VI y IX.<\/p>\n<h4 style=\"text-align: justify;\"><u>Tropario, tono 4 del com\u00fan de Santas Justas<\/u><\/h4>\n<p style=\"text-align: justify;\">En ti fue conservada la imagen de Dios fielmente, oh jus\u00adta Isabel, * pues tomando la cruz seguiste a Cristo * y, practicando, ense\u00f1aste a despreocuparse de la carne, * que es ef\u00edmera, * y a cuidar, en cambio, el alma inmortal. * Por eso hoy tu esp\u00edritu se regocija junto con los \u00e1ngeles.<\/p>\n<p style=\"text-align: center;\"><a href=\"https:\/\/music.youtube.com\/watch?v=XfbzzDzxCQ4&amp;si=0bNaJJ9Yh0_Tc8w2\" target=\"_blank\" rel=\"noopener\"><img loading=\"lazy\" class=\"alignnone size-full wp-image-20444\" src=\"http:\/\/iglesiaortodoxa.org.mx\/informacion\/wp-content\/uploads\/\/youtub-6.png\" alt=\"\" width=\"175\" height=\"61\" \/><\/a><\/p>\n<h3 style=\"text-align: justify;\">Santo M\u00e1rtir Sabas el General<\/h3>\n<p>&nbsp;<\/p>\n<p><img loading=\"lazy\" class=\"size-full wp-image-20539 aligncenter\" src=\"http:\/\/iglesiaortodoxa.org.mx\/informacion\/wp-content\/uploads\/\/sava-el-general.png\" alt=\"\" width=\"170\" height=\"218\" srcset=\"http:\/\/iglesiaortodoxa.org.mx\/informacion\/wp-content\/uploads\/sava-el-general.png 170w, http:\/\/iglesiaortodoxa.org.mx\/informacion\/wp-content\/uploads\/sava-el-general-136x175.png 136w\" sizes=\"(max-width: 170px) 100vw, 170px\" \/><\/p>\n<p style=\"text-align: justify;\">San Sabas el General, proven\u00eda de una tribu goda. Por su valent\u00eda alcanz\u00f3 el alto rango de comandante militar o &#8220;stratelates&#8221; y sirvi\u00f3 bajo el emperador romano Aureliano (270-275).<\/p>\n<p style=\"text-align: justify;\">Desde su juventud, Sabas fue cristiano y sigui\u00f3 fervientemente los mandatos de Cristo. Ayudaba a los necesitados y visitaba a los cristianos en prisi\u00f3n. Gracias a su vida pura y virtuosa, el santo recibi\u00f3 del Se\u00f1or el don de obrar milagros, sanar enfermos y expulsar demonios en nombre de Cristo.<\/p>\n<p style=\"text-align: justify;\">Cuando el emperador supo que Sabas era cristiano, le exigi\u00f3 que apostatara. El m\u00e1rtir arroj\u00f3 su cintur\u00f3n militar y declar\u00f3 que no renunciar\u00eda a su fe. Lo golpearon, lo quemaron con antorchas y lo arrojaron a un caldero con brea, pero el m\u00e1rtir sali\u00f3 ileso.<\/p>\n<p style=\"text-align: justify;\">Contemplando sus tormentos, setenta soldados creyeron en Cristo. Fueron decapitados a espada. San Sabas fue encarcelado. A medianoche, mientras oraba, Cristo se le apareci\u00f3 al m\u00e1rtir y lo ilumin\u00f3 con la luz de su gloria. El Salvador le inst\u00f3 a no temer, sino a mantenerse firme. Animado, el m\u00e1rtir Sabas sufri\u00f3 una nueva tortura por la ma\u00f1ana y fue ahogado en un r\u00edo en el a\u00f1o 272.<\/p>\n<h4 style=\"text-align: justify;\"><u>Tono 4, del com\u00fan de Santos M\u00e1rtires<\/u><\/h4>\n<p style=\"text-align: justify;\">Tu m\u00e1rtir, oh Se\u00f1or, * ha obtenido de ti * corona de incorrupci\u00f3n * en su lucha, Dios nuestro. * Al tener, pues, tu fuerza, * ha vencido a tiranos * y aplastado de los demonios * su abatida insolencia. * Por sus intercesiones, oh Cristo Dios, * salva nuestras almas.<\/p>\n<p style=\"text-align: center;\"><a href=\"https:\/\/music.youtube.com\/watch?v=7xLtA5gdqP0&amp;si=Gd7yS3VEauXBqnry\" target=\"_blank\" rel=\"noopener\"><img loading=\"lazy\" class=\"alignnone size-full wp-image-20444\" src=\"http:\/\/iglesiaortodoxa.org.mx\/informacion\/wp-content\/uploads\/\/youtub-6.png\" alt=\"\" width=\"175\" height=\"61\" \/><\/a><\/p>\n","protected":false},"excerpt":{"rendered":"<p>Santa Isabel la Milagrosa &nbsp; Santa Isabel era de Constantinopla y fue elegida para el servicio de Dios desde su nacimiento. De ni\u00f1a, sus padres la enviaron a un monasterio. Creci\u00f3 en un ambiente de ayuno y oraci\u00f3n constante, y recibi\u00f3 el don de sanar enfermedades f\u00edsicas y espirituales. Las hermanas la eligieron abadesa del [&hellip;]<\/p>\n","protected":false},"author":40,"featured_media":0,"comment_status":"closed","ping_status":"closed","sticky":false,"template":"","format":"standard","meta":{"_bbp_topic_count":0,"_bbp_reply_count":0,"_bbp_total_topic_count":0,"_bbp_total_reply_count":0,"_bbp_voice_count":0,"_bbp_anonymous_reply_count":0,"_bbp_topic_count_hidden":0,"_bbp_reply_count_hidden":0,"_bbp_forum_subforum_count":0},"categories":[122,16],"tags":[],"_links":{"self":[{"href":"http:\/\/iglesiaortodoxa.org.mx\/informacion\/wp-json\/wp\/v2\/posts\/20537"}],"collection":[{"href":"http:\/\/iglesiaortodoxa.org.mx\/informacion\/wp-json\/wp\/v2\/posts"}],"about":[{"href":"http:\/\/iglesiaortodoxa.org.mx\/informacion\/wp-json\/wp\/v2\/types\/post"}],"author":[{"embeddable":true,"href":"http:\/\/iglesiaortodoxa.org.mx\/informacion\/wp-json\/wp\/v2\/users\/40"}],"replies":[{"embeddable":true,"href":"http:\/\/iglesiaortodoxa.org.mx\/informacion\/wp-json\/wp\/v2\/comments?post=20537"}],"version-history":[{"count":5,"href":"http:\/\/iglesiaortodoxa.org.mx\/informacion\/wp-json\/wp\/v2\/posts\/20537\/revisions"}],"predecessor-version":[{"id":21919,"href":"http:\/\/iglesiaortodoxa.org.mx\/informacion\/wp-json\/wp\/v2\/posts\/20537\/revisions\/21919"}],"wp:attachment":[{"href":"http:\/\/iglesiaortodoxa.org.mx\/informacion\/wp-json\/wp\/v2\/media?parent=20537"}],"wp:term":[{"taxonomy":"category","embeddable":true,"href":"http:\/\/iglesiaortodoxa.org.mx\/informacion\/wp-json\/wp\/v2\/categories?post=20537"},{"taxonomy":"post_tag","embeddable":true,"href":"http:\/\/iglesiaortodoxa.org.mx\/informacion\/wp-json\/wp\/v2\/tags?post=20537"}],"curies":[{"name":"wp","href":"https:\/\/api.w.org\/{rel}","templated":true}]}}