{"id":1789,"date":"2009-12-10T13:48:47","date_gmt":"2009-12-10T19:48:47","guid":{"rendered":"http:\/\/www.iglesiaortodoxa.org.mx\/informacion\/?p=1789"},"modified":"2013-01-08T13:56:24","modified_gmt":"2013-01-08T19:56:24","slug":"1789","status":"publish","type":"post","link":"http:\/\/iglesiaortodoxa.org.mx\/informacion\/2009\/12\/1789\/","title":{"rendered":"Enauguraci\u00f3n: Expo Gibr\u00e1n, el Profeta"},"content":{"rendered":"<h6 style=\"text-align: justify;\"><em>10\/12\/2009<\/em><\/h6>\n<p style=\"text-align: justify;\"><a rel=\"attachment wp-att-1790\" href=\"http:\/\/www.iglesiaortodoxa.org.mx\/informacion\/wp-content\/uploads\/\/Expo_Gibran1.jpg\" data-rel=\"lightbox-image-0\" data-rl_title=\"\" data-rl_caption=\"\"><img loading=\"lazy\" class=\"alignleft size-full wp-image-1790\" style=\"margin: 10px;\" title=\"\" src=\"http:\/\/www.iglesiaortodoxa.org.mx\/informacion\/wp-content\/uploads\/\/Expo_Gibran1.jpg\" alt=\"Expo_Gibran1\" width=\"215\" height=\"121\" srcset=\"http:\/\/iglesiaortodoxa.org.mx\/informacion\/wp-content\/uploads\/Expo_Gibran1.jpg 448w, http:\/\/iglesiaortodoxa.org.mx\/informacion\/wp-content\/uploads\/Expo_Gibran1-300x168.jpg 300w\" sizes=\"(max-width: 215px) 100vw, 215px\" \/><\/a>Su Eminencia Arzobispo Antonio acudi\u00f3 a la enaguraci\u00f3n de la Exposici\u00f3n Gibr\u00e1n el profeta, en honor al gran escritor liban\u00e9s, Gibr\u00e1n Jalil Gibr\u00e1n, con la presencia de la Primera Dama, la Sra. Margarita Zavala, y del empresario Ing. Carlos Slim y de otras personalidades del ambiente pol\u00edtico y cultural.<\/p>\n<p>El peri\u00f3dico Milenio escribi\u00f3 sobre el acontecimiento:<\/p>\n<blockquote><p>El autor de <em>El loco, Alas rotas <\/em>o <em>L\u00e1grimas <\/em>y sonrisas est\u00e1 representado en M\u00e9xico a trav\u00e9s de la exposici\u00f3n <em>Gibran, El profeta<\/em>, que desde anoche alberga el Museo Soumaya &#8230; ubicado en Plaza Loreto.<\/p>\n<p>\u201cSe trata de una colecci\u00f3n que reuni\u00f3 un sobrino-ahijado de Gibran, que convivi\u00f3 con \u00e9l hasta los once a\u00f1os de edad. A la muerte del pensador, se dio a la tarea de conjuntar los objetos, al grado de que compra otros, como las cartas de algunos de sus amores\u201d, en palabras de Soumaya Slim de Romero, directora general del espacio.<\/p>\n<p>La muestra se integra con alrededor de 300 obras art\u00edsticas y m\u00e1s de 70 manuscritos del autor, que ya forman parte del acervo del Museo Soumaya, al lado de la colecci\u00f3n de esculturas de Auguste Rodin y de otras obras que se han adquirido para enriquecer su acervo, sobre todo de la primera mitad del siglo XX &#8230;\u00a0\u00a0\u00a0 (<a href=\"http:\/\/impreso.milenio.com\/node\/8687072\" target=\"_blank\">Ver art\u00edculo completo<\/a>).<\/p><\/blockquote>\n\n\t\t<style type=\"text\/css\">\n\t\t\t#gallery-1 {\n\t\t\t\tmargin: auto;\n\t\t\t}\n\t\t\t#gallery-1 .gallery-item {\n\t\t\t\tfloat: left;\n\t\t\t\tmargin-top: 10px;\n\t\t\t\ttext-align: center;\n\t\t\t\twidth: 33%;\n\t\t\t}\n\t\t\t#gallery-1 img {\n\t\t\t\tborder: 2px solid #cfcfcf;\n\t\t\t}\n\t\t\t#gallery-1 .gallery-caption {\n\t\t\t\tmargin-left: 0;\n\t\t\t}\n\t\t\t\/* see gallery_shortcode() in wp-includes\/media.php *\/\n\t\t<\/style>\n\t\t<div id='gallery-1' class='gallery galleryid-1789 gallery-columns-3 gallery-size-thumbnail'><dl class='gallery-item'>\n\t\t\t<dt class='gallery-icon landscape'>\n\t\t\t\t<a href='http:\/\/iglesiaortodoxa.org.mx\/informacion\/wp-content\/uploads\/\/Expo_Gibran1.jpg' title=\"\" data-rl_title=\"\" class=\"rl-gallery-link\" data-rl_caption=\"\" data-rel=\"lightbox-gallery-1\"><img width=\"150\" height=\"150\" src=\"http:\/\/iglesiaortodoxa.org.mx\/informacion\/wp-content\/uploads\/\/Expo_Gibran1-150x150.jpg\" class=\"attachment-thumbnail size-thumbnail\" alt=\"\" loading=\"lazy\" \/><\/a>\n\t\t\t<\/dt><\/dl><dl class='gallery-item'>\n\t\t\t<dt class='gallery-icon landscape'>\n\t\t\t\t<a href='http:\/\/iglesiaortodoxa.org.mx\/informacion\/wp-content\/uploads\/\/Expo_Gibran2.jpg' title=\"\" data-rl_title=\"\" class=\"rl-gallery-link\" data-rl_caption=\"\" data-rel=\"lightbox-gallery-1\"><img width=\"150\" height=\"150\" src=\"http:\/\/iglesiaortodoxa.org.mx\/informacion\/wp-content\/uploads\/\/Expo_Gibran2-150x150.jpg\" class=\"attachment-thumbnail size-thumbnail\" alt=\"\" loading=\"lazy\" \/><\/a>\n\t\t\t<\/dt><\/dl><dl class='gallery-item'>\n\t\t\t<dt class='gallery-icon landscape'>\n\t\t\t\t<a href='http:\/\/iglesiaortodoxa.org.mx\/informacion\/wp-content\/uploads\/\/Expo_Gibran3.jpg' title=\"\" data-rl_title=\"\" class=\"rl-gallery-link\" data-rl_caption=\"\" data-rel=\"lightbox-gallery-1\"><img width=\"150\" height=\"150\" src=\"http:\/\/iglesiaortodoxa.org.mx\/informacion\/wp-content\/uploads\/\/Expo_Gibran3-150x150.jpg\" class=\"attachment-thumbnail size-thumbnail\" alt=\"\" loading=\"lazy\" \/><\/a>\n\t\t\t<\/dt><\/dl><br style=\"clear: both\" \/><dl class='gallery-item'>\n\t\t\t<dt class='gallery-icon landscape'>\n\t\t\t\t<a href='http:\/\/iglesiaortodoxa.org.mx\/informacion\/wp-content\/uploads\/\/Expo_Gibran4.jpg' title=\"\" data-rl_title=\"\" class=\"rl-gallery-link\" data-rl_caption=\"\" data-rel=\"lightbox-gallery-1\"><img width=\"150\" height=\"150\" src=\"http:\/\/iglesiaortodoxa.org.mx\/informacion\/wp-content\/uploads\/\/Expo_Gibran4-150x150.jpg\" class=\"attachment-thumbnail size-thumbnail\" alt=\"\" loading=\"lazy\" \/><\/a>\n\t\t\t<\/dt><\/dl><dl class='gallery-item'>\n\t\t\t<dt class='gallery-icon landscape'>\n\t\t\t\t<a href='http:\/\/iglesiaortodoxa.org.mx\/informacion\/wp-content\/uploads\/\/Expo_Gibran5.jpg' title=\"\" data-rl_title=\"\" class=\"rl-gallery-link\" data-rl_caption=\"\" data-rel=\"lightbox-gallery-1\"><img width=\"150\" height=\"150\" src=\"http:\/\/iglesiaortodoxa.org.mx\/informacion\/wp-content\/uploads\/\/Expo_Gibran5-150x150.jpg\" class=\"attachment-thumbnail size-thumbnail\" alt=\"\" loading=\"lazy\" \/><\/a>\n\t\t\t<\/dt><\/dl>\n\t\t\t<br style='clear: both' \/>\n\t\t<\/div>\n\n","protected":false},"excerpt":{"rendered":"<p>Su Eminencia Arzobispo Antonio acudi\u00f3 a la enaguraci\u00f3n de la Exposici\u00f3n Gibr\u00e1n el profeta, en honor al gran escritor liban\u00e9s, Gibr\u00e1n Jalil Gibr\u00e1n<\/p>\n","protected":false},"author":13,"featured_media":0,"comment_status":"closed","ping_status":"open","sticky":false,"template":"","format":"standard","meta":{"_bbp_topic_count":0,"_bbp_reply_count":0,"_bbp_total_topic_count":0,"_bbp_total_reply_count":0,"_bbp_voice_count":0,"_bbp_anonymous_reply_count":0,"_bbp_topic_count_hidden":0,"_bbp_reply_count_hidden":0,"_bbp_forum_subforum_count":0},"categories":[20],"tags":[],"_links":{"self":[{"href":"http:\/\/iglesiaortodoxa.org.mx\/informacion\/wp-json\/wp\/v2\/posts\/1789"}],"collection":[{"href":"http:\/\/iglesiaortodoxa.org.mx\/informacion\/wp-json\/wp\/v2\/posts"}],"about":[{"href":"http:\/\/iglesiaortodoxa.org.mx\/informacion\/wp-json\/wp\/v2\/types\/post"}],"author":[{"embeddable":true,"href":"http:\/\/iglesiaortodoxa.org.mx\/informacion\/wp-json\/wp\/v2\/users\/13"}],"replies":[{"embeddable":true,"href":"http:\/\/iglesiaortodoxa.org.mx\/informacion\/wp-json\/wp\/v2\/comments?post=1789"}],"version-history":[{"count":23,"href":"http:\/\/iglesiaortodoxa.org.mx\/informacion\/wp-json\/wp\/v2\/posts\/1789\/revisions"}],"predecessor-version":[{"id":7934,"href":"http:\/\/iglesiaortodoxa.org.mx\/informacion\/wp-json\/wp\/v2\/posts\/1789\/revisions\/7934"}],"wp:attachment":[{"href":"http:\/\/iglesiaortodoxa.org.mx\/informacion\/wp-json\/wp\/v2\/media?parent=1789"}],"wp:term":[{"taxonomy":"category","embeddable":true,"href":"http:\/\/iglesiaortodoxa.org.mx\/informacion\/wp-json\/wp\/v2\/categories?post=1789"},{"taxonomy":"post_tag","embeddable":true,"href":"http:\/\/iglesiaortodoxa.org.mx\/informacion\/wp-json\/wp\/v2\/tags?post=1789"}],"curies":[{"name":"wp","href":"https:\/\/api.w.org\/{rel}","templated":true}]}}