{"id":14988,"date":"2018-11-19T23:35:51","date_gmt":"2018-11-20T05:35:51","guid":{"rendered":"http:\/\/iglesiaortodoxa.org.mx\/informacion\/?p=14988"},"modified":"2018-12-04T00:30:13","modified_gmt":"2018-12-04T06:30:13","slug":"boletin-alfa-y-omega-25-11-2018","status":"publish","type":"post","link":"http:\/\/iglesiaortodoxa.org.mx\/informacion\/2018\/11\/boletin-alfa-y-omega-25-11-2018\/","title":{"rendered":"Bolet\u00edn Alfa y Omega 25\/11\/2018"},"content":{"rendered":"<h2 style=\"text-align: center;\"><span style=\"color: #ff0000;\">13\u00b0 Domingo de San Lucas<\/span><\/h2>\n<p><a title=\"\" href=\"http:\/\/www.iglesiaortodoxa.org.mx\/informacion\/wp-content\/uploads\/\/icono-mariano.jpg\" rel=\"attachment wp-att-10593\" data-rel=\"lightbox-image-bGlnaHRib3gtaW1hZ2UtMA==\" data-rl_title=\"\" data-rl_caption=\"\" data-rl_title=\"\" data-rl_caption=\"\"><img loading=\"lazy\" class=\"aligncenter wp-image-10593\" title=\"m\" src=\"http:\/\/www.iglesiaortodoxa.org.mx\/informacion\/wp-content\/uploads\/\/icono-mariano.jpg\" sizes=\"(max-width: 253px) 100vw, 253px\" srcset=\"http:\/\/iglesiaortodoxa.org.mx\/informacion\/wp-content\/uploads\/\/icono-mariano.jpg 351w, http:\/\/iglesiaortodoxa.org.mx\/informacion\/wp-content\/uploads\/\/icono-mariano-153x175.jpg 153w, http:\/\/iglesiaortodoxa.org.mx\/informacion\/wp-content\/uploads\/\/icono-mariano-263x300.jpg 263w\" alt=\"\" width=\"253\" height=\"288\" \/><\/a><\/p>\n<p>&nbsp;<\/p>\n<h3><span style=\"color: #ff0000;\">Himnos de la Liturgia<\/span><\/h3>\n<h4 style=\"text-align: left;\">Tropario de la Resurrecci\u00f3n<\/h4>\n<h4 style=\"text-align: left;\">Tono 1<\/h4>\n<address title=\"\"><a title=\"\" href=\"http:\/\/www.iglesiaortodoxa.org.mx\/informacion\/002-audio\/cantos_liturgia\/Trop.Resurreccion1.mp3\" target=\"_blank\" rel=\"attachment noopener wp-att-10026\"><img loading=\"lazy\" class=\"alignleft wp-image-10026 size-full\" src=\"http:\/\/www.iglesiaortodoxa.org.mx\/informacion\/wp-content\/uploads\/\/audio241.jpg\" alt=\"audio24\" width=\"43\" height=\"43\" \/><\/a>Cuando la piedra fue sellada por los jud\u00edos<\/address>\n<address title=\"\">y tu pur\u00edsimo cuerpo fue custodiado por los guardias,<\/address>\n<address title=\"\">resucitaste al tercer d\u00eda, oh Salvador,<\/address>\n<address title=\"\">concediendo al mundo la vida.<\/address>\n<address title=\"\">Por lo tanto, los poderes celestiales<\/address>\n<address title=\"\">clamaron a Ti: Oh Dador de Vida,<\/address>\n<address title=\"\">Gloria a tu Resurrecci\u00f3n, oh Cristo,\u00a0Gloria a tu Reino,<\/address>\n<address title=\"\">Gloria a tu plan de salvaci\u00f3n, oh \u00danico, Amante de la humanidad.<\/address>\n<h4 style=\"text-align: left;\">Condaquio de la Presentaci\u00f3n de la Madre de Dios en el Templo<\/h4>\n<h4 style=\"text-align: left;\">Tono 4<\/h4>\n<address title=\"\">Sagrado Templo del Se\u00f1or y pur\u00edsimo,<\/address>\n<address title=\"\">preciosa c\u00e1mara nupcial y sant\u00edsima,<\/address>\n<address title=\"\">cofre venerable de la Gloria de Dios, en la casa del Se\u00f1or,<\/address>\n<address title=\"\">la Virgen hoy es presentada y con ella la gracia del Esp\u00edritu Divino.<\/address>\n<address title=\"\">Al\u00e1benle los \u00e1ngeles de Dios porque ella es la tienda celestial.<\/address>\n<h3><span style=\"color: #ff0000;\">Lecturas B\u00edblicas<\/span><\/h3>\n<h4>Carta del Ap\u00f3stol San Pablo a los G\u00e1latas\u00a0 (3: 23 &#8211; 4: 5)<\/h4>\n<p style=\"text-align: justify;\">Hermanos: Antes de que llegara la fe, est\u00e1bamos encerrados bajo la vigilancia de la ley, en espera de la fe que deb\u00eda manifestarse. De manera que la ley ha sido nuestro pedagogo hasta Cristo, para ser justificados por la fe. Mas, una vez llegada la fe, ya no estamos bajo el pedagogo. Pues todos son hijos de Dios por la fe en Cristo Jes\u00fas. En efecto, ustedes que han sido bautizados en Cristo, se han revestido de Cristo: ya no hay jud\u00edo ni griego; ni esclavo ni libre; ni hombre ni mujer, ya que todos ustedes son uno en Cristo Jes\u00fas. Y si son de Cristo, ya son descendencia de Abraham, herederos seg\u00fan la Promesa.<br \/>\nPues yo digo: Mientras el heredero es menor de edad, en nada se diferencia de un esclavo, a pesar de ser due\u00f1o de todo; sino que est\u00e1 bajo tutores y administradores hasta el tiempo fijado por el Padre. De igual manera, tambi\u00e9n nosotros, cuando \u00e9ramos menores de edad, viv\u00edamos como esclavos bajo los elementos del mundo. Al llegar la plenitud de los tiempos, envi\u00f3 Dios a su Hijo, nacido de mujer, nacido bajo la ley, para rescatar a los que se hallaban bajo la ley, a fin de que recibi\u00e9ramos la filiaci\u00f3n adoptiva.<\/p>\n<h4>Evangelio seg\u00fan San Lucas (18: 18-27)<\/h4>\n<p style=\"text-align: justify;\">En aquel tiempo, uno de los\u00a0 principales pregunt\u00f3 a Jes\u00fas:\u00a0 \u00abMaestro bondadoso, \u00bfqu\u00e9 he\u00a0 de hacer para heredar vida eterna?\u00bb Le dijo Jes\u00fas: \u00ab\u00bfPor qu\u00e9 me llamas\u00a0 \u201cbondadoso\u201d? Nadie es bondadoso\u00a0 sino s\u00f3lo Dios. Ya sabes los\u00a0 mandamientos: No cometas\u00a0 adulterio, no mates, no robes, no\u00a0 levantes falso testimonio, honra a tu\u00a0 padre y a tu madre.\u00bb \u00c9l dijo: \u00abTodo\u00a0 eso lo he guardado desde mi\u00a0 juventud.\u00bb Oyendo esto Jes\u00fas le dijo:\u00a0 \u00abA\u00fan te falta una cosa: Todo cuanto\u00a0 tienes v\u00e9ndelo y rep\u00e1rtelo entre los\u00a0 pobres, y tendr\u00e1s un tesoro en los\u00a0 cielos; luego, ven y s\u00edgueme.\u00bb Al o\u00edr\u00a0 esto se puso muy triste, porque era\u00a0 muy rico. Vi\u00e9ndolo Jes\u00fas, dijo: \u00ab\u00a1Qu\u00e9\u00a0 dif\u00edcil es que los que tienen riquezas\u00a0 entren en el Reino de Dios! Es m\u00e1s\u00a0 f\u00e1cil que un camello entre por el ojo\u00a0 de una aguja que el que un rico entre\u00a0 en el Reino de Dios.\u00bb Los que lo\u00a0 oyeron dijeron: \u00abEntonces, \u00bfqui\u00e9n se\u00a0 podr\u00e1 salvar?\u00bb Respondi\u00f3: \u00abLo\u00a0 imposible para los hombres, es\u00a0 posible para Dios.\u00bb<\/p>\n<h3><span style=\"color: #ff0000;\">Mensaje Pastoral<\/span><\/h3>\n<h4>Dura es la palabra de Dios<\/h4>\n<p><a title=\"\" href=\"http:\/\/www.iglesiaortodoxa.org.mx\/informacion\/wp-content\/uploads\/\/JOVEN-RICO-CON-JESUS1.jpg\" rel=\"attachment wp-att-10595\" data-rel=\"lightbox-image-bGlnaHRib3gtaW1hZ2UtMQ==\" data-rl_title=\"\" data-rl_caption=\"\" data-rl_title=\"\" data-rl_caption=\"\"><img loading=\"lazy\" class=\"alignleft wp-image-10595\" src=\"http:\/\/www.iglesiaortodoxa.org.mx\/informacion\/wp-content\/uploads\/\/JOVEN-RICO-CON-JESUS1.jpg\" sizes=\"(max-width: 108px) 100vw, 108px\" srcset=\"http:\/\/iglesiaortodoxa.org.mx\/informacion\/wp-content\/uploads\/\/JOVEN-RICO-CON-JESUS1.jpg 333w, http:\/\/iglesiaortodoxa.org.mx\/informacion\/wp-content\/uploads\/\/JOVEN-RICO-CON-JESUS1-175x131.jpg 175w, http:\/\/iglesiaortodoxa.org.mx\/informacion\/wp-content\/uploads\/\/JOVEN-RICO-CON-JESUS1-300x225.jpg 300w\" alt=\"\" width=\"108\" height=\"81\" \/><\/a><\/p>\n<p style=\"text-align: justify;\">En la lectura evang\u00e9lica de hoy, un joven vino a donde Jes\u00fas buscando \u00abla vida eterna\u00bb. Cristo le dijo con el coraz\u00f3n en la mano: \u00abTodo cuanto tienes v\u00e9ndelo y rep\u00e1rtelo entre los pobres, y tendr\u00e1s un tesoro en los cielos; luego, ven y s\u00edgueme.\u00bb Se lo dijo porque supo que la riqueza fue para este joven \u2013como lo es para muchos\u2013 un tropiezo en el camino. Luego dice Jes\u00fas a sus disc\u00edpulos: \u00abEs m\u00e1s f\u00e1cil que un camello entre por el ojo de una aguja que el que un rico entre en el Reino de Dios.\u00bb Ellos se escandalizaron por la dureza de la palabra del Se\u00f1or y, extra\u00f1ados \u2013al igual que nosotros\u2013, dijeron: \u00abEntonces, \u00bfqui\u00e9n se podr\u00e1 salvar?\u00bb Y en otra ocasi\u00f3n, los disc\u00edpulos le reclamaron: \u00abDura es esta\u00a0\u00a0 doctrina,\u00a0\u00a0 \u00bfqui\u00e9n\u00a0\u00a0 puede escucharla?\u00bb\u00a0\u00a0\u00a0\u00a0 (Jn 6:60).<\/p>\n<p style=\"text-align: justify;\">Cuando el joven le respondi\u00f3 a Jes\u00fas: \u00abTodo eso (los diez mandamientos) lo he guardado desde mi juventud\u00bb, Jes\u00fas no lo justific\u00f3, como hubiera hecho cualquier maestro de la Ley, ni lo alab\u00f3, sino que \u00ablo am\u00f3\u00bb \u2013nos informa exclusivamente el Evangelista Marcos (Mc 10:21)\u2013, y \u00abal que ama el Se\u00f1or, disciplina\u00bb (Heb 12:7). Cristo am\u00f3 al Joven rico y, por eso, le ofreci\u00f3 esta vocaci\u00f3n, que no era tanto el \u00abvende todo y rep\u00e1rtelo a los pobres\u00bb, sino\u00a0 el \u00abven y s\u00edgueme\u00bb. Jes\u00fas, en su plena sabidur\u00eda, supo que el apego a lo material le imped\u00eda seguir la vocaci\u00f3n.<\/p>\n<p style=\"text-align: justify;\">Dice el Se\u00f1or, por la boca del profeta Jerem\u00edas: \u00ab\u00bfNo es as\u00ed mi palabra, como el fuego, y como un martillo golpea la pe\u00f1a?\u00bb (Jr 23:29). Tambi\u00e9n dice: \u00abHe venido a arrojar un fuego sobre la tierra [\u2026] \u00bfCreen que estoy aqu\u00ed para dar paz a la tierra? No, se lo aseguro, sino divisi\u00f3n.\u00bb (Lc 12:49-51). El camino que Cristo ofrece no se identifica con una religiosidad ligera que busca \u00abpaz\u00bb que acaricia nuestras emociones religiosas; \u00c9l no adorna las dificultades para que aparezcan atractivas, sino que llama a las cosas por su propio nombre.<\/p>\n<p style=\"text-align: justify;\">La verdad es que una persona rica en su dinero, a menudo se preocupa por \u00e9ste a tal grado que llega a considerarlo como el \u00absalvador\u00bb; y sin darse cuenta, la abundancia de riquezas lo va empujando hacia la idolatr\u00eda, de donde caer\u00e1. Jes\u00fas dispone como salida de esta trampa repartir y compartir la riqueza con los necesitados. Es cierto que uno solo no puede resolver los problemas de la pobreza en el mundo, pero s\u00ed todos \u2013estemos donde estemos\u2013 nos topamos con pobreza. Entonces compartamos con los que necesitan de nosotros, en cuyo camino Dios nos ha puesto; que nuestra ayuda sea verdadera y efectiva y no simb\u00f3lica. La virtud de esta acci\u00f3n es doble: quema la adhesi\u00f3n al dinero que est\u00e1 en mi interior, y con la caridad afirma el amor hacia mis hermanos.<\/p>\n<p style=\"text-align: justify;\">Quiz\u00e1s esta pr\u00e1ctica turba a uno si las riquezas lo tienen sometido, pero recordemos que la bondad y la salvaci\u00f3n cristianas requieren de fatigas, esfuerzo, sacrificio y dominio de s\u00ed, porque la palabra de Dios es \u00abcomo fuego, como un martillo que golpea la pe\u00f1a.\u00bb<\/p>\n<h3><span style=\"color: #ff0000;\">Nuestra Fe y Tradici\u00f3n<\/span><\/h3>\n<h4>Los templos de Dios (Sobre la Presentaci\u00f3n de la Virgen Mar\u00eda)<\/h4>\n<p>La segunda gran fiesta de la Virgen Mar\u00eda es la celebraci\u00f3n de su presentaci\u00f3n en el Templo de Jerusal\u00e9n, que se festeja el d\u00eda 21 de noviembre.<\/p>\n<p style=\"text-align: justify;\">Los textos de la celebraci\u00f3n cuentan c\u00f3mo Mar\u00eda de peque\u00f1a fue llevada al templo por sus padres a fin de continuar all\u00ed su educaci\u00f3n con las v\u00edrgenes consagradas al servicio del Se\u00f1or hasta que fuera desposada en matrimonio. La Virgen fue recibida solemnemente por el sacerdote Zacar\u00edas, quien m\u00e1s adelante ser\u00eda el padre de San Juan Bautista. Fue luego conducida al \u201cSanto de los Santos\u201d para ser alimentada all\u00ed por los \u00e1ngeles, y volverse <em>santa y bendita entre todas<\/em> por Dios, para llegar a ser el santuario y templo vivo del Divino Ni\u00f1o que habr\u00eda de nacer de ella.<\/p>\n<p style=\"text-align: justify;\">El tema se repite varias veces en esta fiesta: ella entra al Templo para llegar a ser ella misma el templo viviente de Dios.\u00a0 De esta manera se inaugura el Nuevo Testamento en que se cumplen las profec\u00edas antiguas de que \u201c<em>la morada de Dios est\u00e1 con el hombre<\/em>\u201d y que el ser humano es la \u00fanica morada posible de la Presencia Divina. (Ez 37: 27, Jn 14: 15-23, Hch 7: 47, II Cor 6: 11, Ef 2: 18-22; I Pe 2: 4, Ap 22: 1-4)<\/p>\n<p style=\"text-align: justify;\">En el oficio de V\u00edsperas, se lee el libro del \u00c9xodo acerca de la edificaci\u00f3n del templo, junto con\u00a0 pasajes del Primer Libro de Reyes y del Profeta Ezequiel. Cada una de estas lecturas finaliza con las mismas palabras: \u201c<em>pues la gloria del Se\u00f1or ha llenado la morada del Se\u00f1or Dios Todopoderoso<\/em>.\u201d<\/p>\n<p style=\"text-align: justify;\">Esta <em>Gloria del Se\u00f1or<\/em>\u00a0 es lo que llena a la Madre de Dios y a todos aquellos que \u201c<em>oyen la palabra de Dios y la guardan<\/em>\u201d, como proclaman el Evangelio y la Ep\u00edstola de la Divina Liturgia de la fiesta.<\/p>\n<p style=\"text-align: justify;\">San Gregorio Palam\u00e1s dice:\u00a0 <em>Todos los que conocen a Dios sabr\u00e1n que la Virgen sirvi\u00f3 de lugar a Quien lugar alguno no pod\u00eda albergar, y todos los que alaben a Dios la alabar\u00e1n despu\u00e9s de Dios. <\/em><em>\u00a0<\/em><\/p>\n<p style=\"text-align: justify;\">Lo que Dios realiza en Mar\u00eda de una manera \u00fanica y perfecta,\u00a0lo realiza para todos los hombres. Es decir que cada fiel est\u00e1 llamado a ser templo de Dios\u00a0 guardando su Palabra.<\/p>\n<p style=\"text-align: justify;\">As\u00ed, la fiesta de la Presentaci\u00f3n de la Madre de Dios en el Templo es la que celebra el fin del Templo de Jerusal\u00e9n como morada de Dios. Cuando la ni\u00f1a Mar\u00eda entra al Templo, la \u00e9poca del Templo llega a su fin, es la primicia del anuncio de la salvaci\u00f3n. En este d\u00eda celebramos, en la persona de la Madre de Cristo Dios, que nosotros tambi\u00e9n somos templo y morada del Se\u00f1or.<\/p>\n<h3><span style=\"color: #ff0000;\">Vida de Santos<\/span><\/h3>\n<h4>Gran M\u00e1rtir Catalina<\/h4>\n<blockquote><p>25 de noviembre<\/p><\/blockquote>\n<p><a title=\"\" href=\"http:\/\/www.iglesiaortodoxa.org.mx\/informacion\/wp-content\/uploads\/\/My-ICONS-059-mail1.jpg\" rel=\"attachment wp-att-10597\" data-rel=\"lightbox-image-bGlnaHRib3gtaW1hZ2UtMw==\" data-rl_title=\"\" data-rl_caption=\"\" data-rl_title=\"\" data-rl_caption=\"\"><img loading=\"lazy\" class=\"alignleft wp-image-10597\" src=\"http:\/\/www.iglesiaortodoxa.org.mx\/informacion\/wp-content\/uploads\/\/My-ICONS-059-mail1.jpg\" sizes=\"(max-width: 74px) 100vw, 74px\" srcset=\"http:\/\/iglesiaortodoxa.org.mx\/informacion\/wp-content\/uploads\/\/My-ICONS-059-mail1.jpg 344w, http:\/\/iglesiaortodoxa.org.mx\/informacion\/wp-content\/uploads\/\/My-ICONS-059-mail1-130x175.jpg 130w, http:\/\/iglesiaortodoxa.org.mx\/informacion\/wp-content\/uploads\/\/My-ICONS-059-mail1-224x300.jpg 224w\" alt=\"\" width=\"74\" height=\"100\" \/><\/a><\/p>\n<p style=\"text-align: justify;\">Santa Catalina naci\u00f3 en Alejandr\u00eda en la segunda mitad del tercer siglo. Descend\u00eda de una familia de abolengo y se distingu\u00eda por su inteligencia, erudici\u00f3n y belleza. Muchos ricos y nobles pretendientes ped\u00edan su mano. La madre y los parientes trataban de convencerla para que se case, pero Catalina no se decid\u00eda y dec\u00eda a sus allegados: \u201cSi quieren que me case entonces encu\u00e9ntrenme alguien quien me igualare en la hermosura y erudici\u00f3n.\u201d<\/p>\n<p style=\"text-align: justify;\">Dios hizo que Catalina conozca a un anacoreta, hombre inteligente y de vida ejemplar. Examinando con Catalina los m\u00e9ritos de sus pretendientes el anacoreta dijo: \u201cYo conozco al Novio que es superior en todo a ti. No hay nadie igual.\u201d Despu\u00e9s \u00e9l le dio el icono de la Sant\u00edsima Virgen, prometiendo que Ella ayudar\u00eda a Catalina a ver al Singular Novio\u201d. Durante la pr\u00f3xima noche, adormecida Catalina vio a la Theotokos rodeada de \u00e1ngeles parada delante de ella con el Ni\u00f1o que resplandec\u00eda como el Sol. Fueron vanos los esfuerzos de Catalina para ver Su rostro. El se daba vuelta. \u201cNo desprecies a Tu creaci\u00f3n \u2014 ped\u00eda la Madre de Dios a Su Hijo \u2014 dile lo que tiene que hacer para ver Tu imagen brillante, Tu Rostro.\u201d \u201cQue ella regrese y pregunte al anacoreta\u201d \u2014 contest\u00f3 el Ni\u00f1o.<\/p>\n<p style=\"text-align: justify;\">Este singular sue\u00f1o asombr\u00f3 a la joven. Ni bien amaneci\u00f3, ella fue a ver al anacoreta. Se arrodillo a sus pies pidiendo consejo. El anacoreta le explico detalladamente sobre la verdadera fe, sobre el para\u00edso y la vida en el para\u00edso de los justos y sobre la perdici\u00f3n de los pecadores. La sabia joven comprendi\u00f3 la superioridad de la fe cristiana sobre la pagana. Crey\u00f3 en Jesucristo como el Hijo de Dios y se bautiz\u00f3. Y entonces la luz divina entr\u00f3 en ella y la llen\u00f3 con una gran alegr\u00eda.<\/p>\n<p style=\"text-align: justify;\">Cuando Catalina regreso a su casa con su alma renovada, ella rez\u00f3 durante mucho tiempo agradeciendo a Dios por la Gracia otorgada. Durante la oraci\u00f3n se qued\u00f3 dormida y vio nuevamente a la Madre de Dios. Ahora el Ni\u00f1o Divino la miraba con benevolencia. La Sant\u00edsima Virgen tom\u00f3 la mano derecha de la joven y el Ni\u00f1o le puso un maravilloso anillo, diciendo: \u201cNo tengas otro novio terrenal\u201d Catalina comprendi\u00f3 que a partir de este momento ella estaba comprometida con el Cristo y se despert\u00f3 con mayor alegr\u00eda en su coraz\u00f3n. A partir de este sue\u00f1o ella cambi\u00f3 completamente. Se hizo humilde, ben\u00e9vola y amable. Empez\u00f3 a rezar a Dios frecuentemente pidiendo Su Gu\u00eda y la ayuda. \u00danica meta que la entusiasmaba: era vivir para Cristo.<\/p>\n<p style=\"text-align: justify;\">Poco tiempo despu\u00e9s vino a Alejandr\u00eda Maximiano (a\u00f1os 286-305) codirigente del emperador Diocleciano. El envi\u00f3 mensajeros a las ciudades de Egipto para invitar al pueblo a la fiesta en honor a los dioses paganos. Catalina estaba muy triste porque el emperador, en vez de ayudar a instruir al pueblo, extend\u00eda la superstici\u00f3n pagana. Cuando lleg\u00f3 el d\u00eda de la fiesta ella fue al templo pagano, donde estaban reunidos los sacerdotes paganos, la nobleza y el pueblo y dijo sin miedo al emperador: \u201c\u00a1Emperador, no te da verg\u00fcenza orar a los repugnantes \u00eddolos! Conozca al verdadero Dios eterno e infinito. Con \u00c9l los reyes reinan y esta el universo. El baj\u00f3 a la tierra y se hizo hombre para nuestra salvaci\u00f3n.\u201d<\/p>\n<p style=\"text-align: justify;\">Maximiano se enojo con Catalina por la falta de respeto hacia la dignidad imperial y orden\u00f3 encarcelarla. Despu\u00e9s, \u00e9l orden\u00f3 a la gente erudita convencer a Catalina de la autenticidad de la religi\u00f3n pagana. Durante varios d\u00edas ellos expon\u00edan diferentes argumentos en pro de la religi\u00f3n pagana, pero Catalina los venc\u00eda con su l\u00f3gica y sus razonamientos, les demostraba que no ten\u00edan raz\u00f3n. Sin embargo, al sufrir la derrota sobre el campo intelectual, Maximiano no dej\u00f3 su intenci\u00f3n de convencer a Catalina. La llam\u00f3 y trato de seducirla con regalos, promesas de favores y gloria. Pero Catalina no se dej\u00f3 seducir.<\/p>\n<p style=\"text-align: justify;\">Maximiano tuvo que ausentarse de la ciudad por un corto per\u00edodo. Al otro d\u00eda Maximiano llam\u00f3 a Catalina por \u00faltima vez y le ofreci\u00f3 ser su esposa, prometiendo todos los bienes materiales. Pero Santa Catalina no quiso saber nada. Viendo la inutilidad de todos sus esfuerzos el emperador orden\u00f3 matarla y un guerrero la decapit\u00f3 en el a\u00f1o 304.<\/p>\n<p style=\"text-align: justify;\">M\u00e1s tarde las Santas Reliquias de la mega m\u00e1rtir Catalina fueron llevadas al monte Sina\u00ed y all\u00ed est\u00e1n en el monasterio que lleva su nombre.<\/p>\n<h4>Proverbios B\u00edblicos<\/h4>\n<ul>\n<li style=\"list-style-type: none;\">\n<ul>\n<li>Bienaventurado el hombre que halla sabidur\u00eda y el hombre que adquiere entendimiento;\u00a0 porque su ganancia es mejor que la ganancia de la plata, y sus utilidades mejor que el oro fino. (Prov 3:13-14)<\/li>\n<li>Lo principal es la sabidur\u00eda; adquiere sabidur\u00eda, y con todo lo que obtengas adquiere inteligencia. (Prov 4:7)<\/li>\n<li>Adquirir sabidur\u00eda, cu\u00e1nto mejor que el oro, y adquirir inteligencia es preferible a la plata. (Prov 16:16)<\/li>\n<\/ul>\n<\/li>\n<\/ul>\n","protected":false},"excerpt":{"rendered":"<p>13\u00b0 Domingo de San Lucas &nbsp; Himnos de la Liturgia Tropario de la Resurrecci\u00f3n Tono 1 Cuando la piedra fue sellada por los jud\u00edos y tu pur\u00edsimo cuerpo fue custodiado por los guardias, resucitaste al tercer d\u00eda, oh Salvador, concediendo al mundo la vida. Por lo tanto, los poderes celestiales clamaron a Ti: Oh Dador [&hellip;]<\/p>\n","protected":false},"author":13,"featured_media":10593,"comment_status":"closed","ping_status":"closed","sticky":false,"template":"","format":"standard","meta":{"_bbp_topic_count":0,"_bbp_reply_count":0,"_bbp_total_topic_count":0,"_bbp_total_reply_count":0,"_bbp_voice_count":0,"_bbp_anonymous_reply_count":0,"_bbp_topic_count_hidden":0,"_bbp_reply_count_hidden":0,"_bbp_forum_subforum_count":0},"categories":[73],"tags":[],"_links":{"self":[{"href":"http:\/\/iglesiaortodoxa.org.mx\/informacion\/wp-json\/wp\/v2\/posts\/14988"}],"collection":[{"href":"http:\/\/iglesiaortodoxa.org.mx\/informacion\/wp-json\/wp\/v2\/posts"}],"about":[{"href":"http:\/\/iglesiaortodoxa.org.mx\/informacion\/wp-json\/wp\/v2\/types\/post"}],"author":[{"embeddable":true,"href":"http:\/\/iglesiaortodoxa.org.mx\/informacion\/wp-json\/wp\/v2\/users\/13"}],"replies":[{"embeddable":true,"href":"http:\/\/iglesiaortodoxa.org.mx\/informacion\/wp-json\/wp\/v2\/comments?post=14988"}],"version-history":[{"count":5,"href":"http:\/\/iglesiaortodoxa.org.mx\/informacion\/wp-json\/wp\/v2\/posts\/14988\/revisions"}],"predecessor-version":[{"id":14994,"href":"http:\/\/iglesiaortodoxa.org.mx\/informacion\/wp-json\/wp\/v2\/posts\/14988\/revisions\/14994"}],"wp:featuredmedia":[{"embeddable":true,"href":"http:\/\/iglesiaortodoxa.org.mx\/informacion\/wp-json\/wp\/v2\/media\/10593"}],"wp:attachment":[{"href":"http:\/\/iglesiaortodoxa.org.mx\/informacion\/wp-json\/wp\/v2\/media?parent=14988"}],"wp:term":[{"taxonomy":"category","embeddable":true,"href":"http:\/\/iglesiaortodoxa.org.mx\/informacion\/wp-json\/wp\/v2\/categories?post=14988"},{"taxonomy":"post_tag","embeddable":true,"href":"http:\/\/iglesiaortodoxa.org.mx\/informacion\/wp-json\/wp\/v2\/tags?post=14988"}],"curies":[{"name":"wp","href":"https:\/\/api.w.org\/{rel}","templated":true}]}}