{"id":14696,"date":"2018-09-30T21:47:44","date_gmt":"2018-10-01T03:47:44","guid":{"rendered":"http:\/\/iglesiaortodoxa.org.mx\/informacion\/?p=14696"},"modified":"2018-09-30T21:56:24","modified_gmt":"2018-10-01T03:56:24","slug":"boletin-del-7-10-2018","status":"publish","type":"post","link":"http:\/\/iglesiaortodoxa.org.mx\/informacion\/2018\/09\/boletin-del-7-10-2018\/","title":{"rendered":"Bolet\u00edn del 7\/10\/2018"},"content":{"rendered":"<h2 style=\"text-align: center;\"><span style=\"color: #ff0000;\">3\u00b0 Domingo de San Lucas<\/span><\/h2>\n<p style=\"text-align: center;\"><a href=\"http:\/\/www.iglesiaortodoxa.org.mx\/informacion\/wp-content\/uploads\/\/Icono-moderno-bizantino-griego1.jpg\" rel=\"attachment wp-att-10199\" data-rel=\"lightbox-image-0\" data-rl_title=\"\" data-rl_caption=\"\"><img loading=\"lazy\" class=\"aligncenter size-full wp-image-10199\" title=\"\" src=\"http:\/\/www.iglesiaortodoxa.org.mx\/informacion\/wp-content\/uploads\/\/Icono-moderno-bizantino-griego1.jpg\" alt=\"Icono-moderno-bizantino-griego\" width=\"300\" height=\"403\" srcset=\"http:\/\/iglesiaortodoxa.org.mx\/informacion\/wp-content\/uploads\/\/Icono-moderno-bizantino-griego1.jpg 300w, http:\/\/iglesiaortodoxa.org.mx\/informacion\/wp-content\/uploads\/\/Icono-moderno-bizantino-griego1-223x300.jpg 223w\" sizes=\"(max-width: 300px) 100vw, 300px\" \/><\/a><\/p>\n<blockquote>\n<address>\u00a0<\/address>\n<\/blockquote>\n<p>&nbsp;<\/p>\n<h3><span style=\"color: #ff0000;\">Himnos de la Liturgia<\/span><\/h3>\n<h4>Tropario de la Resurrecci\u00f3n<\/h4>\n<h4>Tono\u00a02<\/h4>\n<address><a href=\"http:\/\/www.iglesiaortodoxa.org.mx\/informacion\/002-audio\/cantos_liturgia\/Trop.Resurreccion2.mp3\" target=\"_blank\" rel=\"attachment noopener wp-att-10026\"><img loading=\"lazy\" class=\"alignleft wp-image-10026 size-full\" style=\"border: 0px; margin: 4px;\" src=\"http:\/\/www.iglesiaortodoxa.org.mx\/informacion\/wp-content\/uploads\/\/audio241.jpg\" alt=\"audio24\" width=\"43\" height=\"43\" \/><\/a>Cuando descendiste a la muerte, oh<br \/>\nVida Inmortal, mataste al Hades con el<br \/>\nrayo de tu divinidad, y cuando levantaste<br \/>\na los muertos del fondo de la tierra,<br \/>\ntodos los poderes Celestiales clamaron:<br \/>\n\u00a1Oh Dador de vida, Cristo Dios, gloria<br \/>\na Ti!<\/address>\n<h4>Condaquio<\/h4>\n<h4>Tono 4<\/h4>\n<address>Oh Protectora de los cristianos indesairable;<\/address>\n<address>Mediadora, ante el Creador, irrechazable:<\/address>\n<address>no desprecies las s\u00faplicas de nosotros, pecadores,<\/address>\n<address>sino acude a auxiliarnos, como bondadosa,<\/address>\n<address>a los que te invocamos con fe.<\/address>\n<address>S\u00e9 presta en intervenir y apres\u00farate con la s\u00faplica,<\/address>\n<address>oh Madre de Dios, que siempre proteges a los que te honran.<\/address>\n<h3><span style=\"color: #ff0000;\">Lecturas B\u00edblicas<\/span><\/h3>\n<h4>Segunda Carta del Ap\u00f3stol San Pablo a los Corintios \u00a0(6:16 \u2013 7:1)<\/h4>\n<p>Hermanos: Nosotros somos templo de Dios vivo, como dijo Dios: Habitar\u00e9 en medio de ellos y andar\u00e9 entre ellos; yo ser\u00e9 su Dios y ellos ser\u00e1n mi pueblo. Por tanto, salgan de entre ellos y ap\u00e1rtense, dice el Se\u00f1or. No toquen cosa impura, y Yo los acoger\u00e9, y ser\u00e9 para ustedes Padre, y ustedes ser\u00e1n para M\u00ed hijos e hijas, dice el Se\u00f1or todopoderoso.<\/p>\n<p>Ya que tenemos, pues, estas promesas, queridos m\u00edos, purifiqu\u00e9monos de toda mancha de la carne y del esp\u00edritu, consumando la santidad en el temor de Dios.<\/p>\n<h4 style=\"text-align: justify;\">Evangelio seg\u00fan\u00a0 San Lucas (7: 11-16)<\/h4>\n<p style=\"text-align: justify;\">En aquel tiempo, sucedi\u00f3 que\u00a0 Jes\u00fas se fue a una ciudad\u00a0 llamada Na\u00edm, e iban con \u00c9l\u00a0 sus disc\u00edpulos y una gran\u00a0 muchedumbre. Cuando se acercaba\u00a0 a la puerta de la ciudad, sacaban a\u00a0 enterrar a un muerto, hijo \u00fanico de su\u00a0 madre, que era viuda, a la que\u00a0 acompa\u00f1aba mucha gente de la\u00a0 ciudad. Al verla el Se\u00f1or, tuvo\u00a0 compasi\u00f3n de ella, y le dijo: \u00abNo\u00a0 llores.\u00bb Y, acerc\u00e1ndose, toc\u00f3 el\u00a0 f\u00e9retro. Los que lo llevaban se\u00a0 pararon, y \u00c9l dijo: \u00abJoven, a ti te digo:\u00a0 Lev\u00e1ntate.\u00bb El muerto se incorpor\u00f3 y\u00a0 se puso a hablar, y \u00c9l se lo dio a su\u00a0 madre. El temor se apoder\u00f3 de todos,\u00a0 y glorificaban a Dios, diciendo: \u00abUn\u00a0 gran profeta se ha levantado entre\u00a0 nosotros\u00bb, y \u00abDios ha visitado a su\u00a0 pueblo.\u00bb<\/p>\n<h3 style=\"text-align: justify;\"><span style=\"color: #ff0000;\">Mensaje Pastoral<\/span><\/h3>\n<div style=\"text-align: justify;\">\n<p><strong>Compartir el duelo<\/strong><\/p>\n<\/div>\n<p>&#8220;Al verla el Se\u00f1or, tuvo compasi\u00f3n de ella&#8221;.<br \/>\nTal como Jes\u00fas estaba presente en la boda de Can\u00e1 de Galilea, he aqu\u00ed que participa del funeral del hijo de la viuda de Na\u00edm.<br \/>\nA pesar de que la comparecencia ante la muerte es la experiencia m\u00e1s palpable y real, el hombre trata con lo m\u00e1s que pueda olvidarse de ella y rehuir su memoria. Cuando por obligaci\u00f3n tiene que detenerse ante un f\u00e9retro, se perturba c\u00f3mo escapar o qu\u00e9 decir para arrancar al afligido de su triste realidad. \u00bfPar\u00e1 qu\u00e9 son los velatorios? \u00bfQu\u00e9 aprovecho hay en asistir a los afligidos?<br \/>\nEl acontecimiento que nuestro pasaje evang\u00e9lico narra el d\u00eda de hoy aproxima la postura de la Iglesia para con los enlutados, una labor pastoral muy d\u00f3cil y significativa de la Iglesia en el mundo. Si la resurrecci\u00f3n de Cristo es el fundamento de la pr\u00e9dica cristiana, eso se debe a que su efecto procura primero abolir nuestra muerte espiritual y luego afirmar nuestra fe en la resurrecci\u00f3n de los cuerpos. Entonces no se trata de distraer a los afligidos lejos de la amarga memoria embriag\u00e1ndolos con conversaciones vanas y seglares ni de darles sermones sobre la paciencia y el aguante ante los sufrimientos de la vida, sino de acompa\u00f1arlos con esp\u00edritu de fe y misericordia &#8220;el Se\u00f1or tuvo compasi\u00f3n de ella&#8221;, a fin de que se sensibilicen junto con nosotros a la victoria del Cristo resucitado sobre la muerte, no solamente la victoria al respecto del difunto que lloramos, sino adem\u00e1s referente a ellos mismos que cruzan con su pena &#8220;el valle de la sombra de la muerte&#8221;.<br \/>\n&#8220;No llores&#8221;, le dijo Jes\u00fas a la viuda. El llanto es una reacci\u00f3n genuina que apacigua y cura el alma afligida. Cuando Jes\u00fas le dice &#8220;no llores&#8221;, es porque levantar\u00eda a su muerto, es decir, anular\u00eda la raz\u00f3n de su tristeza. Las palabras y la acci\u00f3n de Jes\u00fas que detuvieron las l\u00e1grimas de la viuda transforman hoy las l\u00e1grimas de los que tienen fe en lo sucedido en l\u00e1grimas de esperanza. El velatorio es una oportunidad para colocar ante los ojos de nuestros queridos dolidos el icono de Cristo el misericordioso que se apiada y llora con nosotros y nos acompa\u00f1a con un silencio santo que conquista el alboroto de la muerte.<br \/>\nNo vuelva nuestro velatorio un acto mundano y sociocultural. M\u00e1s bien entremos con devoci\u00f3n ante el f\u00e9retro y abracemos con ternura la tristeza de nuestros hermanos, de un modo que contrito nuestro coraz\u00f3n se sensibilice al misterio de la muerte. Y si nosotros hemos recibido profundamente el consuelo, trasmitamos una palabra sencilla y profunda de vida; si no, guardemos silencio contemplando con los afligidos y orando por el eterno descanso de su difunto y de los nuestros tambi\u00e9n. Am\u00e9n.<\/p>\n<p>+Metropolita Ignacio<\/p>\n<p>&nbsp;<\/p>\n<h3 style=\"text-align: justify;\"><span style=\"color: #ff0000;\">Nuestra Fe y Tradici\u00f3n<\/span><\/h3>\n<h4 style=\"text-align: justify;\">Servicios Especiales y Bendiciones<\/h4>\n<p style=\"text-align: justify;\"><a href=\"http:\/\/www.iglesiaortodoxa.org.mx\/informacion\/wp-content\/uploads\/\/sth_america_day17-011.jpg\" rel=\"attachment wp-att-10201\" data-rel=\"lightbox-image-1\" data-rl_title=\"\" data-rl_caption=\"\" title=\"\"><img loading=\"lazy\" class=\"alignleft wp-image-10201\" style=\"margin: 8px; border: 0px;\" src=\"http:\/\/www.iglesiaortodoxa.org.mx\/informacion\/wp-content\/uploads\/\/sth_america_day17-011.jpg\" alt=\"sth_america_day17-01\" width=\"121\" height=\"91\" srcset=\"http:\/\/iglesiaortodoxa.org.mx\/informacion\/wp-content\/uploads\/\/sth_america_day17-011.jpg 800w, http:\/\/iglesiaortodoxa.org.mx\/informacion\/wp-content\/uploads\/\/sth_america_day17-011-300x225.jpg 300w\" sizes=\"(max-width: 121px) 100vw, 121px\" \/><\/a>Adem\u00e1s de la Eucarist\u00eda y los Sacramentos Mayores, existen en la Iglesia Ortodoxa un n\u00famero de Servicios Especiales y\u00a0\u00a0Bendiciones que est\u00e1n\u00a0 asociados con las necesidades, acontecimientos y tareas de la vida humana. Al celebrar estos varios Servicios y Bendiciones, la iglesia constantemente da testimonio de la presencia y acci\u00f3n de Dios en nuestras vidas.<\/p>\n<p style=\"text-align: justify;\">Nuestro Dios nos ama, nos cuida y est\u00e1 siempre cerca de nosotros. Los Servicios y Bendiciones lit\u00fargicas tambi\u00e9n sirven para recordarnos que toda nuestra vida es importante, y que los muchos acontecimientos y dones de la vida pueden ser dirigidos hacia Dios y recibir su cumplimiento en \u00c9l.<\/p>\n<p style=\"text-align: justify;\">A veces se denominan los Servicios Especiales como Servicios No-Sacramentales, en el sentido de que son Oficios del Culto Comunitario\u00a0 que usualmente no se cuentan entre los Sacramentos Mayores. Sin Embargo Claramente tienen una cualidad sacramental en el sentido de que revelan la presencia de la Sant\u00edsima Trinidad. Muchos de este servicio como el Funeral, la Bendici\u00f3n del agua y la Entrada a la vida Mon\u00e1stica, para nombrar solo uno pocos, son muy significativo en la vida de la Iglesia.<\/p>\n<p style=\"text-align: justify;\">La varias Bendiciones son ceremonias breves, ocasionales, y no necesariamente incorporan a la comunidad parroquial entera. La Iglesia bendice individuos, acontecimientos, como viajes y objetos, como iconos, iglesia, campos, y alimentos. Al hacerlo la Iglesia expresa nuestro agradecimiento, y tambi\u00e9n afirma que ning\u00fan regalo, acontecimiento o responsabilidad humana es seglar o apartado de Dios. Para el Cristiano Ortodoxo, todo lo bueno tiene su origen y su fin en Dios. No hay nada que exista alejado o fuera del amor y cuidado de Dios.<\/p>\n<h3 style=\"text-align: justify;\"><\/h3>\n<h4 style=\"text-align: justify;\">Sentencias de los padres de Desierto<\/h4>\n<ul>\n<li style=\"text-align: justify;\">El abad Geroncio de Petra dijo: \u00abMuchos de los que son tentados de deleites corporales, aunque no pequen corporalmente, pecan de pensamiento. Y aunque conserven la\u00a0 virginidad corporal, fornican en su alma. Por eso, car\u00edsimos, bueno es hacer lo que est\u00e1 escrito: \u201cPor encima de todo cuidado, guarda tu coraz\u00f3n\u201d\u00bb. (Prov. 5).<\/li>\n<li style=\"text-align: justify;\">Dec\u00eda el abad Pastor: \u00abComo el guardaespaldas est\u00e1 junto al pr\u00edncipe, preparado para cualquier eventualidad, as\u00ed tambi\u00e9n conviene que el alma est\u00e9 siempre preparada contra el demonio de la impureza\u00bb.<\/li>\n<li style=\"text-align: justify;\">Dijo tambi\u00e9n: \u00abEl hombre necesita esto: temer el juicio de Dios, odiar el pecado, amar la virtud y orar continuamente a Dios\u00bb.<\/li>\n<\/ul>\n","protected":false},"excerpt":{"rendered":"<p>3\u00b0 Domingo de San Lucas \u00a0 &nbsp; Himnos de la Liturgia Tropario de la Resurrecci\u00f3n Tono\u00a02 Cuando descendiste a la muerte, oh Vida Inmortal, mataste al Hades con el rayo de tu divinidad, y cuando levantaste a los muertos del fondo de la tierra, todos los poderes Celestiales clamaron: \u00a1Oh Dador de vida, Cristo Dios, [&hellip;]<\/p>\n","protected":false},"author":13,"featured_media":0,"comment_status":"closed","ping_status":"closed","sticky":false,"template":"","format":"standard","meta":{"_bbp_topic_count":0,"_bbp_reply_count":0,"_bbp_total_topic_count":0,"_bbp_total_reply_count":0,"_bbp_voice_count":0,"_bbp_anonymous_reply_count":0,"_bbp_topic_count_hidden":0,"_bbp_reply_count_hidden":0,"_bbp_forum_subforum_count":0},"categories":[73],"tags":[],"_links":{"self":[{"href":"http:\/\/iglesiaortodoxa.org.mx\/informacion\/wp-json\/wp\/v2\/posts\/14696"}],"collection":[{"href":"http:\/\/iglesiaortodoxa.org.mx\/informacion\/wp-json\/wp\/v2\/posts"}],"about":[{"href":"http:\/\/iglesiaortodoxa.org.mx\/informacion\/wp-json\/wp\/v2\/types\/post"}],"author":[{"embeddable":true,"href":"http:\/\/iglesiaortodoxa.org.mx\/informacion\/wp-json\/wp\/v2\/users\/13"}],"replies":[{"embeddable":true,"href":"http:\/\/iglesiaortodoxa.org.mx\/informacion\/wp-json\/wp\/v2\/comments?post=14696"}],"version-history":[{"count":2,"href":"http:\/\/iglesiaortodoxa.org.mx\/informacion\/wp-json\/wp\/v2\/posts\/14696\/revisions"}],"predecessor-version":[{"id":14699,"href":"http:\/\/iglesiaortodoxa.org.mx\/informacion\/wp-json\/wp\/v2\/posts\/14696\/revisions\/14699"}],"wp:attachment":[{"href":"http:\/\/iglesiaortodoxa.org.mx\/informacion\/wp-json\/wp\/v2\/media?parent=14696"}],"wp:term":[{"taxonomy":"category","embeddable":true,"href":"http:\/\/iglesiaortodoxa.org.mx\/informacion\/wp-json\/wp\/v2\/categories?post=14696"},{"taxonomy":"post_tag","embeddable":true,"href":"http:\/\/iglesiaortodoxa.org.mx\/informacion\/wp-json\/wp\/v2\/tags?post=14696"}],"curies":[{"name":"wp","href":"https:\/\/api.w.org\/{rel}","templated":true}]}}