{"id":1142,"date":"2006-01-17T14:59:21","date_gmt":"2006-01-17T20:59:21","guid":{"rendered":"http:\/\/www.iglesiaortodoxa.org.mx\/informacion\/?p=1142"},"modified":"2017-10-25T22:50:38","modified_gmt":"2017-10-26T04:50:38","slug":"colocacion-de-la-primera-piedra-de-la-catedral-de-san-pedro-y-san-pablo","status":"publish","type":"post","link":"http:\/\/iglesiaortodoxa.org.mx\/informacion\/2006\/01\/colocacion-de-la-primera-piedra-de-la-catedral-de-san-pedro-y-san-pablo\/","title":{"rendered":"Colocaci\u00f3n de la primera piedra de la Catedral de San Pedro y San Pablo"},"content":{"rendered":"<h6 style=\"text-align: justify;\"><em>17\/01\/2006<\/em><\/h6>\n<blockquote>\n<address style=\"text-align: justify;\"><a href=\"http:\/\/www.iglesiaortodoxa.org.mx\/informacion\/wp-content\/uploads\/\/Vodeo11.MPG\" target=\"_blank\" rel=\"noopener\">Vodeo1<\/a>, <a href=\"http:\/\/www.iglesiaortodoxa.org.mx\/informacion\/wp-content\/uploads\/\/video2.MPG\" target=\"_blank\" rel=\"noopener\">video2<\/a>, <a href=\"http:\/\/www.iglesiaortodoxa.org.mx\/informacion\/wp-content\/uploads\/\/video3.MPG\" target=\"_blank\" rel=\"noopener\">video3<\/a><\/address>\n<address style=\"text-align: justify;\">\u00a0<\/address>\n<address style=\"text-align: justify;\">\u00a0<\/address>\n<address style=\"text-align: justify;\"><a href=\"http:\/\/www.iglesiaortodoxa.org.mx\/informacion\/?p=1142#1\">Galer\u00eda de fotos<\/a><\/address>\n<\/blockquote>\n<p style=\"text-align: justify;\">Nuestra iglesia est\u00e1 de pl\u00e1cemes por dos motivos: en primer lugar, por la colocaci\u00f3n de la primera piedra de la futura Catedral de san Pedro y san Pablo, de la Casa de Retiro de la tercera edad y el Sal\u00f3n de Eventos; todo ello, en el fraccionamiento Bosque Real, en Huixquilucan, Edo. de M\u00e9xico. En segundo t\u00e9rmino, por la celebraci\u00f3n del onom\u00e1stico 74 de nuestro arzobispo, su Eminencia Antonio Chedraoui.<img loading=\"lazy\" src=\"http:\/\/iglesiaortodoxa.org.mx\/informacion\/wp-content\/uploads\/\/primera_piedra_pequenia.jpg\" alt=\"\" width=\"290\" height=\"218\" align=\"right\" hspace=\"12\" vspace=\"12\" \/><\/p>\n<p style=\"text-align: justify;\">Aproximadamente, a las 14.30 hrs., con la presencia del se\u00f1or arzobispo de la Iglesia Ortodoxa Griega, su Eminencia Aten\u00e1goras, del obispo Antonio Alejo de la Iglesia Ortodoxa en Am\u00e9rica, del arzobispo primado de M\u00e9xico de la Iglesia Cat\u00f3lica Romana, cardenal Norberto Rivera Carrera, del obispo Georges Abi-Yunes, de la Iglesia Maronita, nuestro metropolita Antonio presidi\u00f3 el oficio de la colocaci\u00f3n de la primera piedra. Destacadas personalidades del \u00e1mbito pol\u00edtico del pa\u00eds, funcionarios p\u00fablicos, diplom\u00e1ticos, empresarios y periodistas, as\u00ed como miembros importantes de la comunidad ortodoxa fueron testigos de este memorable evento. Destacamos la presencia de la Sra. Marta Sahag\u00fan de Fox, primera dama, la del gobernador del Estado de M\u00e9xico, licenciado Enrique Pe\u00f1a, y del jefe de gobierno, el Licenciado Alejandro Encinas, entre otros.<\/p>\n<p style=\"text-align: justify;\">Sayedna, junto con todos los presentes, or\u00f3 para que el Se\u00f1or bendiga la primera piedra y <img loading=\"lazy\" src=\"http:\/\/iglesiaortodoxa.org.mx\/informacion\/wp-content\/uploads\/\/Maqueta2_pequenia.jpg\" alt=\"\" width=\"227\" height=\"185\" align=\"left\" hspace=\"12\" vspace=\"12\" \/>proteja el lugar de \u00abtodo esp\u00edritu maligno y toda fuerza adversa\u00bb.<\/p>\n<p style=\"text-align: justify;\">Adem\u00e1s, dijo: \u00abEsta iglesia es establecida para la gloria de nuestro gran Dios y salvador Jesucristo en veneraci\u00f3n y memoria de los santos ap\u00f3stoles Pedro y Pablo, en el nombre del Padre, y del Hijo y del Esp\u00edritu Santo. Am\u00e9n.<\/p>\n<p style=\"text-align: justify;\">Que sea este lugar bendecido y consagrado como hogar de oraci\u00f3n, de alabanza y glorificaci\u00f3n a Dios ensalzado en la Sant\u00edsima Trinidad: Padre, Hijo y Esp\u00edritu Santo\u00bb.<\/p>\n<p style=\"text-align: justify;\">Posteriormente, los m\u00e1s de 800 invitados pasaron a degustar deliciosos platillos libaneses y mexicanos. Como cada a\u00f1o, esta comida se ha convertido en todo un acontecimiento que ha cautivado a todos los medios de comunicaci\u00f3n, pues coinciden personas de diferentes corrientes<img loading=\"lazy\" style=\"margin: 10px;\" src=\"http:\/\/iglesiaortodoxa.org.mx\/informacion\/wp-content\/uploads\/\/banquete3_pequenia.jpg\" alt=\"\" width=\"271\" height=\"203\" align=\"right\" \/> ideol\u00f3gicas con gran peso en el rumbo del pa\u00eds.<\/p>\n<p style=\"text-align: justify;\">Al tomar la palabra, Sayedna, desde una \u00f3ptica completamente cristiana al hablar sobre las virtudes de San Antonio el Grande y tomando como modelo el ejemplo de nuestro se\u00f1or Jesucristo, se\u00f1al\u00f3 que los mexicanos est\u00e1n cansados de promesas, ofensas y descalificaciones entre los candidatos presidenciables. Se pronunci\u00f3 en contra de la intolerancia, del \u00abmuro de la verg\u00fcenza\u00bb, entre otras cosas.<\/p>\n<p style=\"text-align: justify;\">Despu\u00e9s hablaron el licenciado Enrique Pe\u00f1a, gobernador del Edo. de M\u00e9xico, la sra. Marta Sahag\u00fan, esposa del presidente, y le manifestaron su admiraci\u00f3n y cari\u00f1o a nuestro querido Sayedna.<\/p>\n<p style=\"text-align: justify;\">\u00a1Por muchos a\u00f1os, Se\u00f1or!<\/p>\n<h3><a name=\"1\"><\/a><\/h3>\n\n\t\t<style type=\"text\/css\">\n\t\t\t#gallery-1 {\n\t\t\t\tmargin: auto;\n\t\t\t}\n\t\t\t#gallery-1 .gallery-item {\n\t\t\t\tfloat: left;\n\t\t\t\tmargin-top: 10px;\n\t\t\t\ttext-align: center;\n\t\t\t\twidth: 33%;\n\t\t\t}\n\t\t\t#gallery-1 img {\n\t\t\t\tborder: 2px solid #cfcfcf;\n\t\t\t}\n\t\t\t#gallery-1 .gallery-caption {\n\t\t\t\tmargin-left: 0;\n\t\t\t}\n\t\t\t\/* see gallery_shortcode() in wp-includes\/media.php *\/\n\t\t<\/style>\n\t\t<div id='gallery-1' class='gallery galleryid-1142 gallery-columns-3 gallery-size-thumbnail'><dl class='gallery-item'>\n\t\t\t<dt class='gallery-icon landscape'>\n\t\t\t\t<a href='http:\/\/iglesiaortodoxa.org.mx\/informacion\/wp-content\/uploads\/\/primera_piedra_pequenia.jpg' title=\"\" data-rl_title=\"\" class=\"rl-gallery-link\" data-rl_caption=\"\" data-rel=\"lightbox-gallery-1\"><img width=\"175\" height=\"132\" src=\"http:\/\/iglesiaortodoxa.org.mx\/informacion\/wp-content\/uploads\/\/primera_piedra_pequenia-175x132.jpg\" class=\"attachment-thumbnail size-thumbnail\" alt=\"\" loading=\"lazy\" srcset=\"http:\/\/iglesiaortodoxa.org.mx\/informacion\/wp-content\/uploads\/primera_piedra_pequenia-175x132.jpg 175w, http:\/\/iglesiaortodoxa.org.mx\/informacion\/wp-content\/uploads\/primera_piedra_pequenia.jpg 290w\" sizes=\"(max-width: 175px) 100vw, 175px\" \/><\/a>\n\t\t\t<\/dt><\/dl><dl class='gallery-item'>\n\t\t\t<dt class='gallery-icon landscape'>\n\t\t\t\t<a href='http:\/\/iglesiaortodoxa.org.mx\/informacion\/wp-content\/uploads\/\/Maqueta2_pequenia.jpg' title=\"\" data-rl_title=\"\" class=\"rl-gallery-link\" data-rl_caption=\"\" data-rel=\"lightbox-gallery-1\"><img width=\"175\" height=\"143\" src=\"http:\/\/iglesiaortodoxa.org.mx\/informacion\/wp-content\/uploads\/\/Maqueta2_pequenia-175x143.jpg\" class=\"attachment-thumbnail size-thumbnail\" alt=\"\" loading=\"lazy\" srcset=\"http:\/\/iglesiaortodoxa.org.mx\/informacion\/wp-content\/uploads\/Maqueta2_pequenia-175x143.jpg 175w, http:\/\/iglesiaortodoxa.org.mx\/informacion\/wp-content\/uploads\/Maqueta2_pequenia.jpg 227w\" sizes=\"(max-width: 175px) 100vw, 175px\" \/><\/a>\n\t\t\t<\/dt><\/dl><dl class='gallery-item'>\n\t\t\t<dt class='gallery-icon landscape'>\n\t\t\t\t<a href='http:\/\/iglesiaortodoxa.org.mx\/informacion\/wp-content\/uploads\/\/banquete3_pequenia.jpg' title=\"\" data-rl_title=\"\" class=\"rl-gallery-link\" data-rl_caption=\"\" data-rel=\"lightbox-gallery-1\"><img width=\"175\" height=\"131\" src=\"http:\/\/iglesiaortodoxa.org.mx\/informacion\/wp-content\/uploads\/\/banquete3_pequenia-175x131.jpg\" class=\"attachment-thumbnail size-thumbnail\" alt=\"\" loading=\"lazy\" srcset=\"http:\/\/iglesiaortodoxa.org.mx\/informacion\/wp-content\/uploads\/banquete3_pequenia-175x131.jpg 175w, http:\/\/iglesiaortodoxa.org.mx\/informacion\/wp-content\/uploads\/banquete3_pequenia.jpg 271w\" sizes=\"(max-width: 175px) 100vw, 175px\" \/><\/a>\n\t\t\t<\/dt><\/dl><br style=\"clear: both\" \/><dl class='gallery-item'>\n\t\t\t<dt class='gallery-icon landscape'>\n\t\t\t\t<a href='http:\/\/iglesiaortodoxa.org.mx\/informacion\/wp-content\/uploads\/\/primera_piedra1.JPG' title=\"\" data-rl_title=\"\" class=\"rl-gallery-link\" data-rl_caption=\"\" data-rel=\"lightbox-gallery-1\"><img width=\"150\" height=\"150\" src=\"http:\/\/iglesiaortodoxa.org.mx\/informacion\/wp-content\/uploads\/\/primera_piedra1-150x150.jpg\" class=\"attachment-thumbnail size-thumbnail\" alt=\"\" loading=\"lazy\" \/><\/a>\n\t\t\t<\/dt><\/dl><dl class='gallery-item'>\n\t\t\t<dt class='gallery-icon landscape'>\n\t\t\t\t<a href='http:\/\/iglesiaortodoxa.org.mx\/informacion\/wp-content\/uploads\/\/primera_piedra2.JPG' title=\"\" data-rl_title=\"\" class=\"rl-gallery-link\" data-rl_caption=\"\" data-rel=\"lightbox-gallery-1\"><img width=\"150\" height=\"150\" src=\"http:\/\/iglesiaortodoxa.org.mx\/informacion\/wp-content\/uploads\/\/primera_piedra2-150x150.jpg\" class=\"attachment-thumbnail size-thumbnail\" alt=\"\" loading=\"lazy\" \/><\/a>\n\t\t\t<\/dt><\/dl><dl class='gallery-item'>\n\t\t\t<dt class='gallery-icon landscape'>\n\t\t\t\t<a href='http:\/\/iglesiaortodoxa.org.mx\/informacion\/wp-content\/uploads\/\/primera_piedra3.JPG' title=\"\" data-rl_title=\"\" class=\"rl-gallery-link\" data-rl_caption=\"\" data-rel=\"lightbox-gallery-1\"><img width=\"150\" height=\"150\" src=\"http:\/\/iglesiaortodoxa.org.mx\/informacion\/wp-content\/uploads\/\/primera_piedra3-150x150.jpg\" class=\"attachment-thumbnail size-thumbnail\" alt=\"\" loading=\"lazy\" \/><\/a>\n\t\t\t<\/dt><\/dl><br style=\"clear: both\" \/><dl class='gallery-item'>\n\t\t\t<dt class='gallery-icon landscape'>\n\t\t\t\t<a href='http:\/\/iglesiaortodoxa.org.mx\/informacion\/wp-content\/uploads\/\/primera_piedra4.JPG' title=\"\" data-rl_title=\"\" class=\"rl-gallery-link\" data-rl_caption=\"\" data-rel=\"lightbox-gallery-1\"><img width=\"150\" height=\"150\" src=\"http:\/\/iglesiaortodoxa.org.mx\/informacion\/wp-content\/uploads\/\/primera_piedra4-150x150.jpg\" class=\"attachment-thumbnail size-thumbnail\" alt=\"\" loading=\"lazy\" \/><\/a>\n\t\t\t<\/dt><\/dl><dl class='gallery-item'>\n\t\t\t<dt class='gallery-icon landscape'>\n\t\t\t\t<a href='http:\/\/iglesiaortodoxa.org.mx\/informacion\/wp-content\/uploads\/\/primera_piedra5.JPG' title=\"\" data-rl_title=\"\" class=\"rl-gallery-link\" data-rl_caption=\"\" data-rel=\"lightbox-gallery-1\"><img width=\"150\" height=\"150\" src=\"http:\/\/iglesiaortodoxa.org.mx\/informacion\/wp-content\/uploads\/\/primera_piedra5-150x150.jpg\" class=\"attachment-thumbnail size-thumbnail\" alt=\"\" loading=\"lazy\" \/><\/a>\n\t\t\t<\/dt><\/dl><dl class='gallery-item'>\n\t\t\t<dt class='gallery-icon landscape'>\n\t\t\t\t<a href='http:\/\/iglesiaortodoxa.org.mx\/informacion\/wp-content\/uploads\/\/primera_piedra6.JPG' title=\"\" data-rl_title=\"\" class=\"rl-gallery-link\" data-rl_caption=\"\" data-rel=\"lightbox-gallery-1\"><img width=\"150\" height=\"150\" src=\"http:\/\/iglesiaortodoxa.org.mx\/informacion\/wp-content\/uploads\/\/primera_piedra6-150x150.jpg\" class=\"attachment-thumbnail size-thumbnail\" alt=\"\" loading=\"lazy\" \/><\/a>\n\t\t\t<\/dt><\/dl><br style=\"clear: both\" \/><dl class='gallery-item'>\n\t\t\t<dt class='gallery-icon landscape'>\n\t\t\t\t<a href='http:\/\/iglesiaortodoxa.org.mx\/informacion\/wp-content\/uploads\/\/primera_piedra7.JPG' title=\"\" data-rl_title=\"\" class=\"rl-gallery-link\" data-rl_caption=\"\" data-rel=\"lightbox-gallery-1\"><img width=\"150\" height=\"150\" src=\"http:\/\/iglesiaortodoxa.org.mx\/informacion\/wp-content\/uploads\/\/primera_piedra7-150x150.jpg\" class=\"attachment-thumbnail size-thumbnail\" alt=\"\" loading=\"lazy\" \/><\/a>\n\t\t\t<\/dt><\/dl><dl class='gallery-item'>\n\t\t\t<dt class='gallery-icon landscape'>\n\t\t\t\t<a href='http:\/\/iglesiaortodoxa.org.mx\/informacion\/wp-content\/uploads\/\/Maqueta1.JPG' title=\"\" data-rl_title=\"\" class=\"rl-gallery-link\" data-rl_caption=\"\" data-rel=\"lightbox-gallery-1\"><img width=\"150\" height=\"150\" src=\"http:\/\/iglesiaortodoxa.org.mx\/informacion\/wp-content\/uploads\/\/Maqueta1-150x150.jpg\" class=\"attachment-thumbnail size-thumbnail\" alt=\"\" loading=\"lazy\" \/><\/a>\n\t\t\t<\/dt><\/dl><dl class='gallery-item'>\n\t\t\t<dt class='gallery-icon landscape'>\n\t\t\t\t<a href='http:\/\/iglesiaortodoxa.org.mx\/informacion\/wp-content\/uploads\/\/Maqueta2.JPG' title=\"\" data-rl_title=\"\" class=\"rl-gallery-link\" data-rl_caption=\"\" data-rel=\"lightbox-gallery-1\"><img width=\"150\" height=\"150\" src=\"http:\/\/iglesiaortodoxa.org.mx\/informacion\/wp-content\/uploads\/\/Maqueta2-150x150.jpg\" class=\"attachment-thumbnail size-thumbnail\" alt=\"\" loading=\"lazy\" \/><\/a>\n\t\t\t<\/dt><\/dl><br style=\"clear: both\" \/><dl class='gallery-item'>\n\t\t\t<dt class='gallery-icon landscape'>\n\t\t\t\t<a href='http:\/\/iglesiaortodoxa.org.mx\/informacion\/wp-content\/uploads\/\/Maqueta3.JPG' title=\"\" data-rl_title=\"\" class=\"rl-gallery-link\" data-rl_caption=\"\" data-rel=\"lightbox-gallery-1\"><img width=\"150\" height=\"150\" src=\"http:\/\/iglesiaortodoxa.org.mx\/informacion\/wp-content\/uploads\/\/Maqueta3-150x150.jpg\" class=\"attachment-thumbnail size-thumbnail\" alt=\"\" loading=\"lazy\" \/><\/a>\n\t\t\t<\/dt><\/dl><dl class='gallery-item'>\n\t\t\t<dt class='gallery-icon landscape'>\n\t\t\t\t<a href='http:\/\/iglesiaortodoxa.org.mx\/informacion\/wp-content\/uploads\/\/banquete1.JPG' title=\"\" data-rl_title=\"\" class=\"rl-gallery-link\" data-rl_caption=\"\" data-rel=\"lightbox-gallery-1\"><img width=\"150\" height=\"150\" src=\"http:\/\/iglesiaortodoxa.org.mx\/informacion\/wp-content\/uploads\/\/banquete1-150x150.jpg\" class=\"attachment-thumbnail size-thumbnail\" alt=\"\" loading=\"lazy\" \/><\/a>\n\t\t\t<\/dt><\/dl><dl class='gallery-item'>\n\t\t\t<dt class='gallery-icon landscape'>\n\t\t\t\t<a href='http:\/\/iglesiaortodoxa.org.mx\/informacion\/wp-content\/uploads\/\/banquete3.JPG' title=\"\" data-rl_title=\"\" class=\"rl-gallery-link\" data-rl_caption=\"\" data-rel=\"lightbox-gallery-1\"><img width=\"150\" height=\"150\" src=\"http:\/\/iglesiaortodoxa.org.mx\/informacion\/wp-content\/uploads\/\/banquete3-150x150.jpg\" class=\"attachment-thumbnail size-thumbnail\" alt=\"\" loading=\"lazy\" \/><\/a>\n\t\t\t<\/dt><\/dl><br style=\"clear: both\" \/><dl class='gallery-item'>\n\t\t\t<dt class='gallery-icon landscape'>\n\t\t\t\t<a href='http:\/\/iglesiaortodoxa.org.mx\/informacion\/wp-content\/uploads\/\/banquete4.JPG' title=\"\" data-rl_title=\"\" class=\"rl-gallery-link\" data-rl_caption=\"\" data-rel=\"lightbox-gallery-1\"><img width=\"150\" height=\"150\" src=\"http:\/\/iglesiaortodoxa.org.mx\/informacion\/wp-content\/uploads\/\/banquete4-150x150.jpg\" class=\"attachment-thumbnail size-thumbnail\" alt=\"\" loading=\"lazy\" \/><\/a>\n\t\t\t<\/dt><\/dl><dl class='gallery-item'>\n\t\t\t<dt class='gallery-icon landscape'>\n\t\t\t\t<a href='http:\/\/iglesiaortodoxa.org.mx\/informacion\/wp-content\/uploads\/\/banquete5.JPG' title=\"\" data-rl_title=\"\" class=\"rl-gallery-link\" data-rl_caption=\"\" data-rel=\"lightbox-gallery-1\"><img width=\"150\" height=\"150\" src=\"http:\/\/iglesiaortodoxa.org.mx\/informacion\/wp-content\/uploads\/\/banquete5-150x150.jpg\" class=\"attachment-thumbnail size-thumbnail\" alt=\"\" loading=\"lazy\" \/><\/a>\n\t\t\t<\/dt><\/dl>\n\t\t\t<br style='clear: both' \/>\n\t\t<\/div>\n\n","protected":false},"excerpt":{"rendered":"<p>17\/01\/2006 Vodeo1, video2, video3 \u00a0 \u00a0 Galer\u00eda de fotos Nuestra iglesia est\u00e1 de pl\u00e1cemes por dos motivos: en primer lugar, por la colocaci\u00f3n de la primera piedra de la futura Catedral de san Pedro y san Pablo, de la Casa de Retiro de la tercera edad y el Sal\u00f3n de Eventos; todo ello, en el [&hellip;]<\/p>\n","protected":false},"author":13,"featured_media":0,"comment_status":"closed","ping_status":"closed","sticky":false,"template":"","format":"standard","meta":{"_bbp_topic_count":0,"_bbp_reply_count":0,"_bbp_total_topic_count":0,"_bbp_total_reply_count":0,"_bbp_voice_count":0,"_bbp_anonymous_reply_count":0,"_bbp_topic_count_hidden":0,"_bbp_reply_count_hidden":0,"_bbp_forum_subforum_count":0},"categories":[29],"tags":[],"_links":{"self":[{"href":"http:\/\/iglesiaortodoxa.org.mx\/informacion\/wp-json\/wp\/v2\/posts\/1142"}],"collection":[{"href":"http:\/\/iglesiaortodoxa.org.mx\/informacion\/wp-json\/wp\/v2\/posts"}],"about":[{"href":"http:\/\/iglesiaortodoxa.org.mx\/informacion\/wp-json\/wp\/v2\/types\/post"}],"author":[{"embeddable":true,"href":"http:\/\/iglesiaortodoxa.org.mx\/informacion\/wp-json\/wp\/v2\/users\/13"}],"replies":[{"embeddable":true,"href":"http:\/\/iglesiaortodoxa.org.mx\/informacion\/wp-json\/wp\/v2\/comments?post=1142"}],"version-history":[{"count":18,"href":"http:\/\/iglesiaortodoxa.org.mx\/informacion\/wp-json\/wp\/v2\/posts\/1142\/revisions"}],"predecessor-version":[{"id":13101,"href":"http:\/\/iglesiaortodoxa.org.mx\/informacion\/wp-json\/wp\/v2\/posts\/1142\/revisions\/13101"}],"wp:attachment":[{"href":"http:\/\/iglesiaortodoxa.org.mx\/informacion\/wp-json\/wp\/v2\/media?parent=1142"}],"wp:term":[{"taxonomy":"category","embeddable":true,"href":"http:\/\/iglesiaortodoxa.org.mx\/informacion\/wp-json\/wp\/v2\/categories?post=1142"},{"taxonomy":"post_tag","embeddable":true,"href":"http:\/\/iglesiaortodoxa.org.mx\/informacion\/wp-json\/wp\/v2\/tags?post=1142"}],"curies":[{"name":"wp","href":"https:\/\/api.w.org\/{rel}","templated":true}]}}