{"id":1084,"date":"2005-02-21T13:37:51","date_gmt":"2005-02-21T19:37:51","guid":{"rendered":"http:\/\/www.iglesiaortodoxa.org.mx\/informacion\/?p=1084"},"modified":"2013-01-08T13:58:24","modified_gmt":"2013-01-08T19:58:24","slug":"1084","status":"publish","type":"post","link":"http:\/\/iglesiaortodoxa.org.mx\/informacion\/2005\/02\/1084\/","title":{"rendered":"Primera reuni\u00f3n clerical de la Arquidi\u00f3cesis"},"content":{"rendered":"<p style=\"text-align: justify;\">Del 21 al 26 de febrero de 2005, con la Gracia de Dios, se realizaron las actividades de la Primera Reuni\u00f3n del Clero de nuestra Arquidi\u00f3cesis, en el Monasterio San Antonio el Grande en Jilotepec, Edo. de M\u00e9xico, evento de gran trascendencia para el desarrollo de la Ortodoxia en nuestras comunidades y pa\u00edses. Su Eminencia Antonio Chedraoui, Arzobispo Metropolitano de M\u00e9xico, Venezuela, Centroam\u00e9rica y el Caribe, presidi\u00f3 este importante acontecimiento.<\/p>\n<p style=\"text-align: justify;\">La cena ofrecida la noche del 21 de febrero brind\u00f3 a <strong>todos los participantes<\/strong> la oportunidad de conocer personalmente a cada uno de los sacerdotes miembros de la Arquidi\u00f3cesis: Archimandrita Joseph Dib (Venezuela, Caracas), Archimandrita Ignacio Sama\u00e1n (M\u00e9xico, D.F.), Archimandrita Cosme Andrade S\u00e1nchez (M\u00e9xico, M\u00e9rida), Archimandrita Ger\u00e1simos Hazim (Venezuela, Valencia), Padre Juan Pe\u00f1a (M\u00e9xico), Padre George Eldahr (Puerto Rico) , Padre Pedro Medina (M\u00e9xico, Tijuana), Padre Jorge Faraj (Honduras), Monje-sacerdote P. Atanasio Alegr\u00eda Guti\u00e9rrez (Guatemala), Monje-sacerdote P. Juan A. Esquivel Aguilar (M\u00e9xico, Monasterio de San Antonio), y Monje-di\u00e1cono Javier Mart\u00ednez Ram\u00edrez (M\u00e9xico, Monasterio de San Antonio).<\/p>\n<p style=\"text-align: justify;\">Desgraciadamente, no pudieron estar con nosotros el Archimandrita Ignacio Morales Nieva (Puerto Rico) y el Padre Mario Lara (Ciudad de M\u00e9xico).<\/p>\n<table style=\"height: 250px; text-align: justify;\" border=\"1\" width=\"89%\">\n<tbody>\n<tr>\n<td height=\"229\">\n<div><img loading=\"lazy\" src=\"http:\/\/www.iglesiaortodoxa.org.mx\/images\/09-news\/2005a\/feb05-reunion_clero1.jpg\" alt=\"\" width=\"274\" height=\"203\" \/><\/div>\n<\/td>\n<td>\n<div><img loading=\"lazy\" src=\"http:\/\/www.iglesiaortodoxa.org.mx\/images\/09-news\/2005a\/feb05-reunion_clero.jpg\" alt=\"\" width=\"270\" height=\"200\" \/><\/div>\n<\/td>\n<\/tr>\n<\/tbody>\n<\/table>\n<p style=\"text-align: justify;\">El martes 22 de febrero tuvo un grato inicio de actividades con la oraci\u00f3n de Maitines a las 8 horas (hora local), presidida por el Sr. Arzobispo. El desayuno fue a las 9 hrs., y a partir de las 10 comenz\u00f3 <strong>la primer sesi\u00f3n<\/strong> con un receso a las 13 hrs. El tema fue la situaci\u00f3n actual que atraviesa la Iglesia ortodoxa en Venezuela, expuesta con mucha claridad por el Archimandrita Joseph, as\u00ed como la preparaci\u00f3n que realiza de textos para los servicios lit\u00fargicos ortodoxos; despu\u00e9s, el Archimandrita Ger\u00e1simos habl\u00f3 de la Iglesia en Valencia, Venezuela, parroquia donde tiene poco tiempo de estar al frente; por \u00faltimo, el Archimandrita Cosme narr\u00f3 con fluidez y simpat\u00eda aspectos importantes durante su labor en M\u00e9rida, Yucat\u00e1n y sus proyectos futuros para el desarrollo de la Ortodoxia en ese lugar. Cabe mencionar que en cada sesi\u00f3n tuvimos los valiosos consejos, an\u00e9cdotas y asesor\u00eda de su Eminencia.<\/p>\n<p style=\"text-align: justify;\">La comida fue a las 14 hrs., y se reanud\u00f3 la reuni\u00f3n a las 15.30. En primera instancia, el Padre Pedro Medina expuso el trabajo que realiza como colaborador en Project Mexico, brindando educaci\u00f3n a j\u00f3venes hu\u00e9rfanos en Tijuana, Baja California Norte y asisti\u00e9ndolos en sus necesidades espirituales. Con orgullo, Sayedna Antonio destac\u00f3 la preocupaci\u00f3n del Padre por el Monasterio al contribuir con parte de su salario al sostenimiento del mismo. A continuaci\u00f3n, el Padre George bosquej\u00f3 el estado actual de la Iglesia en Puerto Rico y, con la gran humildad que lo caracteriza, habl\u00f3 de su experiencia personal durante su ministerio. Posteriormente, el Padre Jorge coment\u00f3, con el benepl\u00e1cito de nuestro Arzobispo, sobre los momentos de estabilidad en los que, afortunadamente, se encuentra la comunidad ortodoxa en Honduras, as\u00ed como el deseo de tener a su Eminencia como hu\u00e9sped en ese pa\u00eds.<\/p>\n<table style=\"height: 249px; text-align: justify;\" border=\"1\" width=\"85%\">\n<tbody>\n<tr>\n<td height=\"229\">\n<div><img loading=\"lazy\" src=\"http:\/\/www.iglesiaortodoxa.org.mx\/images\/09-news\/2005a\/feb05-visperas.jpg\" alt=\"\" width=\"241\" height=\"197\" \/><\/div>\n<\/td>\n<td>\n<div><img loading=\"lazy\" src=\"http:\/\/www.iglesiaortodoxa.org.mx\/images\/09-news\/2005a\/feb05-visperas1.jpg\" alt=\"\" width=\"246\" height=\"181\" \/><\/div>\n<\/td>\n<\/tr>\n<\/tbody>\n<\/table>\n<p style=\"text-align: justify;\">A las 19 horas se hizo <strong>la oraci\u00f3n de V\u00edsperas<\/strong>, a las 20 cenaron los participantes y, a partir de las 21 hrs., tuvimos una convivencia informal donde los sacerdotes de la Arquidi\u00f3cesis narraron sus an\u00e9cdotas con gran sentido del humor y entonaron cantos, destacando el Archimandrita Joseph por su gran conocimiento del Canto Bizantino; sobra decir que esta velada fue una inolvidable experiencia. De esta manera, concluy\u00f3 la jornada del d\u00eda.<\/p>\n<p style=\"text-align: justify;\"><a rel=\"attachment wp-att-1088\" href=\"http:\/\/www.iglesiaortodoxa.org.mx\/informacion\/wp-content\/uploads\/\/feb05-cleros.jpg\" data-rel=\"lightbox-image-0\" data-rl_title=\"\" data-rl_caption=\"\"><img loading=\"lazy\" class=\"alignleft size-full wp-image-1088\" style=\"margin: 10px;\" title=\"\" src=\"http:\/\/www.iglesiaortodoxa.org.mx\/informacion\/wp-content\/uploads\/\/feb05-cleros.jpg\" alt=\"feb05-cleros\" width=\"230\" height=\"173\" \/><\/a>Al igual que el martes, el mi\u00e9rcoles 23 inici\u00f3 con Maitines a las 8, el desayuno a las 9 y a las 10 la sesi\u00f3n continu\u00f3: en esta oportunidad, el tema fue la situaci\u00f3n en M\u00e9xico. El Padre Juan Pe\u00f1a habl\u00f3 sobre la atenci\u00f3n a los feligreses que realiza en Catedral, sobre el crecimiento del n\u00famero de conversos y los retos de la Iglesia en el futuro, tem\u00e1tica que comparti\u00f3 tambi\u00e9n el Archimandrita Ignacio quien, en su intervenci\u00f3n, narr\u00f3 la grata experiencia que ha vivido al lado del Metropolita Antonio y expuso las dificultades que ha enfrentado al trabajo pastoral. El Arzobispo, en este momento, hizo un reconocimiento a la labor del Padre Ignacio por la difusi\u00f3n del Canto Bizantino en espa\u00f1ol a trav\u00e9s de grabaciones y de la formaci\u00f3n musical del Coro de la Catedral en la Ciudad de M\u00e9xico. Luego, el Padre Atanasio relat\u00f3 su labor al frente de siete j\u00f3venes encomendados por la Madre In\u00e9s de la Casa Hogar Rafael Ayau en Guatemala; tambi\u00e9n habl\u00f3 de su labor pastoral en Jilotepec como antesala a su nueva tarea como colaborador en la referida Casa y como pastor de la comunidad ortodoxa del lugar. Finalmente, el Padre Juan Alberto coment\u00f3 aspectos relevantes sobre la situaci\u00f3n que vive el Monasterio, sus necesidades y la forma en que se ha enfrentado el presente; como cierre a esta participaci\u00f3n, fue motivo de alegr\u00eda para nosotros escuchar las amables palabras de Sayedna respecto al desempe\u00f1o de los sacerdotes mexicanos.<\/p>\n<p style=\"text-align: justify;\">Se sirvi\u00f3 la comida a las 14 hrs., y a las 15 se realiz\u00f3 la \u00faltima etapa de las reuniones, en la cual se habl\u00f3 sobre el futuro. Durante todas las sesiones, su Eminencia insisti\u00f3 en la necesidad de fomentar las vocaciones y pidi\u00f3 a todo el clero que se comprometiera a trabajar en ese rubro; en esta \u00faltima parte, tambi\u00e9n hizo hincapi\u00e9 en el tema y habl\u00f3 sobre una Iglesia que no estuviera encerrada en nacionalismos y lenguas sagradas: pidi\u00f3 que la Ortodoxia hable el idioma de los pa\u00edses en los cuales se est\u00e1 enraizando. Por \u00faltimo, con los sacerdotes presentes se constituy\u00f3 el Tribunal Disciplinario Eclesi\u00e1stico de la Arquidi\u00f3cesis y se analiz\u00f3 la delicada situaci\u00f3n de un sacerdote (Javier Celi) y un di\u00e1cono en el Ecuador, llegando a una <a href=\"http:\/\/www.iglesiaortodoxa.org.mx\/001-pdf\/03-noticias\/degradacion_de_Xavier_Celi.pdf\" target=\"_blank\">resoluci\u00f3n<\/a>.<\/p>\n<p style=\"text-align: justify;\">Esta \u00faltima reuni\u00f3n concluy\u00f3 a las 17 hrs., y en las V\u00edsperas a las 18 horas y nos honraron con su presencia nuestros hermanos de la Iglesia Ortodoxa de Am\u00e9rica (O.C.A.).<\/p>\n<p style=\"text-align: justify;\">A las 20.30 horas se sirvi\u00f3 la cena y su Eminencia permaneci\u00f3 hasta las doce y media de la noche para dar el visto bueno a la carne que se estaba preparando en los hornos del Monasterio para la comida que ofreci\u00f3 a los invitados del acontecimiento que concluy\u00f3 la Primera Reuni\u00f3n: la Consagraci\u00f3n de la Capilla del Monasterio el jueves 24 de febrero a las 11.30 hrs.<\/p>\n<p style=\"text-align: justify;\">Esperamos, con la ayuda de Dios, que este encuentro produzca muchos frutos y sea la oportunidad para todos los miembros de la Arquidi\u00f3cesis de estrechar los lazos de hermandad y colaboraci\u00f3n a favor de la Iglesia. Hasta la pr\u00f3xima Reuni\u00f3n.<\/p>\n","protected":false},"excerpt":{"rendered":"<p>Del 21 al 26 de febrero de 2005, con la Gracia de Dios, se realizaron las actividades de la Primera Reuni\u00f3n del Clero de nuestra Arquidi\u00f3cesis, en el Monasterio San Antonio el Grande en Jilotepec, Edo. de M\u00e9xico, evento de gran trascendencia para el desarrollo de la Ortodoxia en nuestras comunidades y pa\u00edses. Su Eminencia [&hellip;]<\/p>\n","protected":false},"author":13,"featured_media":0,"comment_status":"closed","ping_status":"closed","sticky":false,"template":"","format":"standard","meta":{"_bbp_topic_count":0,"_bbp_reply_count":0,"_bbp_total_topic_count":0,"_bbp_total_reply_count":0,"_bbp_voice_count":0,"_bbp_anonymous_reply_count":0,"_bbp_topic_count_hidden":0,"_bbp_reply_count_hidden":0,"_bbp_forum_subforum_count":0},"categories":[29],"tags":[],"_links":{"self":[{"href":"http:\/\/iglesiaortodoxa.org.mx\/informacion\/wp-json\/wp\/v2\/posts\/1084"}],"collection":[{"href":"http:\/\/iglesiaortodoxa.org.mx\/informacion\/wp-json\/wp\/v2\/posts"}],"about":[{"href":"http:\/\/iglesiaortodoxa.org.mx\/informacion\/wp-json\/wp\/v2\/types\/post"}],"author":[{"embeddable":true,"href":"http:\/\/iglesiaortodoxa.org.mx\/informacion\/wp-json\/wp\/v2\/users\/13"}],"replies":[{"embeddable":true,"href":"http:\/\/iglesiaortodoxa.org.mx\/informacion\/wp-json\/wp\/v2\/comments?post=1084"}],"version-history":[{"count":8,"href":"http:\/\/iglesiaortodoxa.org.mx\/informacion\/wp-json\/wp\/v2\/posts\/1084\/revisions"}],"predecessor-version":[{"id":1086,"href":"http:\/\/iglesiaortodoxa.org.mx\/informacion\/wp-json\/wp\/v2\/posts\/1084\/revisions\/1086"}],"wp:attachment":[{"href":"http:\/\/iglesiaortodoxa.org.mx\/informacion\/wp-json\/wp\/v2\/media?parent=1084"}],"wp:term":[{"taxonomy":"category","embeddable":true,"href":"http:\/\/iglesiaortodoxa.org.mx\/informacion\/wp-json\/wp\/v2\/categories?post=1084"},{"taxonomy":"post_tag","embeddable":true,"href":"http:\/\/iglesiaortodoxa.org.mx\/informacion\/wp-json\/wp\/v2\/tags?post=1084"}],"curies":[{"name":"wp","href":"https:\/\/api.w.org\/{rel}","templated":true}]}}