{"id":1072,"date":"2005-02-24T13:20:09","date_gmt":"2005-02-24T19:20:09","guid":{"rendered":"http:\/\/www.iglesiaortodoxa.org.mx\/informacion\/?p=1072"},"modified":"2019-10-31T23:49:14","modified_gmt":"2019-11-01T05:49:14","slug":"consagracion-de-la-capilla-del-monasterio-de-s-antonio-el-grande","status":"publish","type":"post","link":"http:\/\/iglesiaortodoxa.org.mx\/informacion\/2005\/02\/consagracion-de-la-capilla-del-monasterio-de-s-antonio-el-grande\/","title":{"rendered":"Consagraci\u00f3n de la Capilla del monasterio de S. Antonio el Grande"},"content":{"rendered":"<p style=\"text-align: justify;\"><a rel=\"attachment wp-att-1074\" href=\"http:\/\/www.iglesiaortodoxa.org.mx\/informacion\/wp-content\/uploads\/\/consagracion_capilla.jpg\" data-rel=\"lightbox-image-0\" data-rl_title=\"\" data-rl_caption=\"\"><img loading=\"lazy\" class=\"alignleft size-full wp-image-1074\" style=\"margin: 10px;\" title=\"\" src=\"http:\/\/www.iglesiaortodoxa.org.mx\/informacion\/wp-content\/uploads\/\/consagracion_capilla.jpg\" alt=\"consagracion_capilla\" width=\"205\" height=\"154\" \/><\/a>El jueves 24 de febrero 2005, con la participaci\u00f3n de todos los sacerdotes de la Arquidi\u00f3cesis y con una impresionante asistencia de la feligres\u00eda, su Eminencia, Sayedna Antonio, Arzobispo de la Iglesia Cat\u00f3lica, Apost\u00f3lica, Ortodoxa Antioquena en M\u00e9xico, Venezuela, Centroam\u00e9rica y el Caribe, presidi\u00f3 la Consagraci\u00f3n de la capilla del monasterio de san Antonio el Grande, ubicado en el municipio de Jilotepec, Estado de M\u00e9xico.<\/p>\n<p style=\"text-align: justify;\">Las ceremonias de rociar la santa Mesa con agua bendita, lavarla con jab\u00f3n y azahar, ungirla con el santo Crisma y cubrirla se llevaron a cabo, mientras se recitaban los salmos adecuados.<\/p>\n<table style=\"text-align: justify;\" border=\"1\" width=\"90%\">\n<tbody>\n<tr>\n<td>\u00a0<\/td>\n<td>\n<div><img loading=\"lazy\" src=\"http:\/\/www.iglesiaortodoxa.org.mx\/images\/04-organizations\/01-seminario\/consagracion_antimensios.jpg\" alt=\"\" width=\"205\" height=\"151\" \/><\/div>\n<\/td>\n<td>\n<div><img loading=\"lazy\" src=\"http:\/\/www.iglesiaortodoxa.org.mx\/images\/04-organizations\/01-seminario\/consagracion_capilla.jpg\" alt=\"\" width=\"192\" height=\"150\" \/><\/div>\n<\/td>\n<\/tr>\n<\/tbody>\n<\/table>\n<p style=\"text-align: justify;\">La procesi\u00f3n alrededor de la Iglesia con las Reliquias que posteriormente ser\u00edan puestas en la santa Mesa, es un gesto lit\u00fargico que nos recuerda que el m\u00e1rtir es el verdadero altar; durante la procesi\u00f3n se cantaron los troparios de los santos M\u00e1rtires: \u201cOh santos M\u00e1rtires que hab\u00e9is luchado la buena batalla y hab\u00e9is recibido vuestras coronas, rogad al Se\u00f1or que salve nuestras almas.\u201d<\/p>\n<table style=\"text-align: justify;\" border=\"1\" width=\"90%\">\n<tbody>\n<tr>\n<td height=\"166\">\n<div><img loading=\"lazy\" src=\"http:\/\/www.iglesiaortodoxa.org.mx\/images\/04-organizations\/01-seminario\/consagracion_procesion.jpg\" alt=\"\" width=\"215\" height=\"156\" \/><\/div>\n<\/td>\n<td>\u00a0<\/td>\n<td>\n<div><img loading=\"lazy\" src=\"http:\/\/www.iglesiaortodoxa.org.mx\/images\/04-organizations\/01-seminario\/consagracion_procesion2.jpg\" alt=\"\" width=\"217\" height=\"156\" \/><\/div>\n<\/td>\n<\/tr>\n<\/tbody>\n<\/table>\n<p style=\"text-align: justify;\">El arzobispo Antonio, Sayedna, ungi\u00f3 las bases de la capilla y los nuevos antimensios que llevan su firma con el santo Crisma, mientras los padres rociaban el agua bendita, y una fragancia delicada colmaba de fervor los corazones de los fieles.<\/p>\n<p style=\"text-align: justify;\">A continuaci\u00f3n, la divina Liturgia fue precedida por su Eminencia; emocionante fue la concelebraci\u00f3n de los padres que vinieron de diferentes partes de la Arquidi\u00f3cesis: Venezuela, Puerto Rico, Honduras, M\u00e9rida, Tijuana, y de la ciudad de M\u00e9xico, lo cual expres\u00f3 la unidad y seriedad de la misi\u00f3n ortodoxa antioquena en este continente; el coro de la Catedral de san Jorge, acompa\u00f1ado por las voces de la feligres\u00eda, cant\u00f3 solemnemente, y la extensa celebraci\u00f3n se volvi\u00f3 momentos inolvidables que marcaron la vida de nuestra Arquidi\u00f3cesis al consagrar esta semilla que, por la Gracia de Dios, dar\u00e1 frutos \u201cal ciento por uno\u201d.<\/p>\n","protected":false},"excerpt":{"rendered":"<p>El jueves 24 de febrero 2005, con la participaci\u00f3n de todos los sacerdotes de la Arquidi\u00f3cesis y con una impresionante asistencia de la feligres\u00eda, su Eminencia, Sayedna Antonio, Arzobispo de la Iglesia Cat\u00f3lica, Apost\u00f3lica, Ortodoxa Antioquena en M\u00e9xico, Venezuela, Centroam\u00e9rica y el Caribe, presidi\u00f3 la Consagraci\u00f3n de la capilla del monasterio de san Antonio el [&hellip;]<\/p>\n","protected":false},"author":13,"featured_media":0,"comment_status":"closed","ping_status":"closed","sticky":false,"template":"","format":"standard","meta":{"_bbp_topic_count":0,"_bbp_reply_count":0,"_bbp_total_topic_count":0,"_bbp_total_reply_count":0,"_bbp_voice_count":0,"_bbp_anonymous_reply_count":0,"_bbp_topic_count_hidden":0,"_bbp_reply_count_hidden":0,"_bbp_forum_subforum_count":0},"categories":[94],"tags":[],"_links":{"self":[{"href":"http:\/\/iglesiaortodoxa.org.mx\/informacion\/wp-json\/wp\/v2\/posts\/1072"}],"collection":[{"href":"http:\/\/iglesiaortodoxa.org.mx\/informacion\/wp-json\/wp\/v2\/posts"}],"about":[{"href":"http:\/\/iglesiaortodoxa.org.mx\/informacion\/wp-json\/wp\/v2\/types\/post"}],"author":[{"embeddable":true,"href":"http:\/\/iglesiaortodoxa.org.mx\/informacion\/wp-json\/wp\/v2\/users\/13"}],"replies":[{"embeddable":true,"href":"http:\/\/iglesiaortodoxa.org.mx\/informacion\/wp-json\/wp\/v2\/comments?post=1072"}],"version-history":[{"count":11,"href":"http:\/\/iglesiaortodoxa.org.mx\/informacion\/wp-json\/wp\/v2\/posts\/1072\/revisions"}],"predecessor-version":[{"id":7970,"href":"http:\/\/iglesiaortodoxa.org.mx\/informacion\/wp-json\/wp\/v2\/posts\/1072\/revisions\/7970"}],"wp:attachment":[{"href":"http:\/\/iglesiaortodoxa.org.mx\/informacion\/wp-json\/wp\/v2\/media?parent=1072"}],"wp:term":[{"taxonomy":"category","embeddable":true,"href":"http:\/\/iglesiaortodoxa.org.mx\/informacion\/wp-json\/wp\/v2\/categories?post=1072"},{"taxonomy":"post_tag","embeddable":true,"href":"http:\/\/iglesiaortodoxa.org.mx\/informacion\/wp-json\/wp\/v2\/tags?post=1072"}],"curies":[{"name":"wp","href":"https:\/\/api.w.org\/{rel}","templated":true}]}}